{"id":10032,"date":"2022-08-23T05:08:00","date_gmt":"2022-08-23T09:08:00","guid":{"rendered":"http:\/\/www.ssccalameda.cl\/portal\/?p=10032"},"modified":"2022-08-23T08:43:10","modified_gmt":"2022-08-23T12:43:10","slug":"caminata-de-la-solidaridad","status":"publish","type":"post","link":"https:\/\/www.ssccalameda.cl\/portal\/caminata-de-la-solidaridad\/","title":{"rendered":"Caminata de la solidaridad"},"content":{"rendered":"\n<p>Bajo el lema, \u00abDame de beber y saciar\u00e9 tus anhelos de vida\u00bb representantes de la <strong>Pastoral Juvenil del Ciclo Mayor<\/strong> participaron en la <strong>caminata de la solidaridad<\/strong> acompa\u00f1ados de profesores e integrantes del \u00c1rea Pastoral de la Vicerrector\u00eda de Formaci\u00f3n del colegio.<\/p>\n\n\n\n<p>Nuestros\/as estudiantes se sumaron con mucho entusiasmo a esta iniciativa que, cada a\u00f1o, el tercer s\u00e1bado de agosto, convoca a miles de j\u00f3venes para marchar desde el Parque de los Reyes hasta la tumba del Padre Hurtado en una peregrinaci\u00f3n organizada por la&nbsp;<strong>Vicar\u00eda de la Esperanza Joven<\/strong>&nbsp;<strong>que simboliza la vigencia del legado de san Alberto.<\/strong><\/p>\n\n\n\n<figure class=\"wp-block-gallery columns-3 is-cropped wp-block-gallery-1 is-layout-flex wp-block-gallery-is-layout-flex\"><ul class=\"blocks-gallery-grid\"><li class=\"blocks-gallery-item\"><figure><img loading=\"lazy\" decoding=\"async\" width=\"1024\" height=\"768\" src=\"http:\/\/www.ssccalameda.cl\/portal\/wp-content\/uploads\/2022\/08\/WhatsApp-Image-2022-08-20-at-2.36.56-PM-1024x768.jpeg\" alt=\"\" data-id=\"10033\" data-full-url=\"http:\/\/www.ssccalameda.cl\/portal\/wp-content\/uploads\/2022\/08\/WhatsApp-Image-2022-08-20-at-2.36.56-PM.jpeg\" data-link=\"http:\/\/www.ssccalameda.cl\/portal\/?attachment_id=10033\" class=\"wp-image-10033\" srcset=\"https:\/\/www.ssccalameda.cl\/portal\/wp-content\/uploads\/2022\/08\/WhatsApp-Image-2022-08-20-at-2.36.56-PM-1024x768.jpeg 1024w, https:\/\/www.ssccalameda.cl\/portal\/wp-content\/uploads\/2022\/08\/WhatsApp-Image-2022-08-20-at-2.36.56-PM-300x225.jpeg 300w, https:\/\/www.ssccalameda.cl\/portal\/wp-content\/uploads\/2022\/08\/WhatsApp-Image-2022-08-20-at-2.36.56-PM-768x576.jpeg 768w, https:\/\/www.ssccalameda.cl\/portal\/wp-content\/uploads\/2022\/08\/WhatsApp-Image-2022-08-20-at-2.36.56-PM-1536x1152.jpeg 1536w, https:\/\/www.ssccalameda.cl\/portal\/wp-content\/uploads\/2022\/08\/WhatsApp-Image-2022-08-20-at-2.36.56-PM.jpeg 1600w\" sizes=\"(max-width: 1024px) 100vw, 1024px\" \/><\/figure><\/li><li class=\"blocks-gallery-item\"><figure><img loading=\"lazy\" decoding=\"async\" width=\"768\" height=\"1024\" src=\"http:\/\/www.ssccalameda.cl\/portal\/wp-content\/uploads\/2022\/08\/WhatsApp-Image-2022-08-22-at-1.42.49-PM-768x1024.jpeg\" alt=\"\" data-id=\"10034\" data-full-url=\"http:\/\/www.ssccalameda.cl\/portal\/wp-content\/uploads\/2022\/08\/WhatsApp-Image-2022-08-22-at-1.42.49-PM.jpeg\" data-link=\"http:\/\/www.ssccalameda.cl\/portal\/?attachment_id=10034\" class=\"wp-image-10034\" srcset=\"https:\/\/www.ssccalameda.cl\/portal\/wp-content\/uploads\/2022\/08\/WhatsApp-Image-2022-08-22-at-1.42.49-PM-768x1024.jpeg 768w, https:\/\/www.ssccalameda.cl\/portal\/wp-content\/uploads\/2022\/08\/WhatsApp-Image-2022-08-22-at-1.42.49-PM-225x300.jpeg 225w, https:\/\/www.ssccalameda.cl\/portal\/wp-content\/uploads\/2022\/08\/WhatsApp-Image-2022-08-22-at-1.42.49-PM-1152x1536.jpeg 1152w, https:\/\/www.ssccalameda.cl\/portal\/wp-content\/uploads\/2022\/08\/WhatsApp-Image-2022-08-22-at-1.42.49-PM.jpeg 1200w\" sizes=\"(max-width: 768px) 100vw, 768px\" \/><\/figure><\/li><li class=\"blocks-gallery-item\"><figure><img loading=\"lazy\" decoding=\"async\" width=\"1024\" height=\"765\" src=\"http:\/\/www.ssccalameda.cl\/portal\/wp-content\/uploads\/2022\/08\/WhatsApp-Image-2022-08-22-at-1.42.50-PM-1-1024x765.jpeg\" alt=\"\" data-id=\"10036\" data-full-url=\"http:\/\/www.ssccalameda.cl\/portal\/wp-content\/uploads\/2022\/08\/WhatsApp-Image-2022-08-22-at-1.42.50-PM-1.jpeg\" data-link=\"http:\/\/www.ssccalameda.cl\/portal\/?attachment_id=10036\" class=\"wp-image-10036\" srcset=\"https:\/\/www.ssccalameda.cl\/portal\/wp-content\/uploads\/2022\/08\/WhatsApp-Image-2022-08-22-at-1.42.50-PM-1-1024x765.jpeg 1024w, https:\/\/www.ssccalameda.cl\/portal\/wp-content\/uploads\/2022\/08\/WhatsApp-Image-2022-08-22-at-1.42.50-PM-1-300x224.jpeg 300w, https:\/\/www.ssccalameda.cl\/portal\/wp-content\/uploads\/2022\/08\/WhatsApp-Image-2022-08-22-at-1.42.50-PM-1-768x574.jpeg 768w, https:\/\/www.ssccalameda.cl\/portal\/wp-content\/uploads\/2022\/08\/WhatsApp-Image-2022-08-22-at-1.42.50-PM-1-1536x1148.jpeg 1536w, https:\/\/www.ssccalameda.cl\/portal\/wp-content\/uploads\/2022\/08\/WhatsApp-Image-2022-08-22-at-1.42.50-PM-1.jpeg 1600w\" sizes=\"(max-width: 1024px) 100vw, 1024px\" \/><\/figure><\/li><li class=\"blocks-gallery-item\"><figure><img loading=\"lazy\" decoding=\"async\" width=\"1024\" height=\"768\" src=\"http:\/\/www.ssccalameda.cl\/portal\/wp-content\/uploads\/2022\/08\/WhatsApp-Image-2022-08-22-at-1.42.50-PM-1024x768.jpeg\" alt=\"\" data-id=\"10035\" data-full-url=\"http:\/\/www.ssccalameda.cl\/portal\/wp-content\/uploads\/2022\/08\/WhatsApp-Image-2022-08-22-at-1.42.50-PM.jpeg\" data-link=\"http:\/\/www.ssccalameda.cl\/portal\/?attachment_id=10035\" class=\"wp-image-10035\" srcset=\"https:\/\/www.ssccalameda.cl\/portal\/wp-content\/uploads\/2022\/08\/WhatsApp-Image-2022-08-22-at-1.42.50-PM-1024x768.jpeg 1024w, https:\/\/www.ssccalameda.cl\/portal\/wp-content\/uploads\/2022\/08\/WhatsApp-Image-2022-08-22-at-1.42.50-PM-300x225.jpeg 300w, https:\/\/www.ssccalameda.cl\/portal\/wp-content\/uploads\/2022\/08\/WhatsApp-Image-2022-08-22-at-1.42.50-PM-768x576.jpeg 768w, https:\/\/www.ssccalameda.cl\/portal\/wp-content\/uploads\/2022\/08\/WhatsApp-Image-2022-08-22-at-1.42.50-PM-1536x1152.jpeg 1536w, https:\/\/www.ssccalameda.cl\/portal\/wp-content\/uploads\/2022\/08\/WhatsApp-Image-2022-08-22-at-1.42.50-PM.jpeg 1600w\" sizes=\"(max-width: 1024px) 100vw, 1024px\" \/><\/figure><\/li><\/ul><\/figure>\n","protected":false},"excerpt":{"rendered":"<p>Bajo el lema, \u00abDame de beber y saciar\u00e9 tus anhelos de vida\u00bb representantes de la Pastoral Juvenil del Ciclo Mayor participaron en la caminata de la solidaridad acompa\u00f1ados de profesores e integrantes del \u00c1rea Pastoral de la Vicerrector\u00eda de Formaci\u00f3n del colegio. Nuestros\/as estudiantes se sumaron con mucho entusiasmo a esta iniciativa que, cada a\u00f1o, &hellip;<\/p>\n","protected":false},"author":4,"featured_media":10036,"comment_status":"closed","ping_status":"closed","sticky":false,"template":"","format":"standard","meta":{"footnotes":""},"categories":[40],"tags":[],"_links":{"self":[{"href":"https:\/\/www.ssccalameda.cl\/portal\/wp-json\/wp\/v2\/posts\/10032"}],"collection":[{"href":"https:\/\/www.ssccalameda.cl\/portal\/wp-json\/wp\/v2\/posts"}],"about":[{"href":"https:\/\/www.ssccalameda.cl\/portal\/wp-json\/wp\/v2\/types\/post"}],"author":[{"embeddable":true,"href":"https:\/\/www.ssccalameda.cl\/portal\/wp-json\/wp\/v2\/users\/4"}],"replies":[{"embeddable":true,"href":"https:\/\/www.ssccalameda.cl\/portal\/wp-json\/wp\/v2\/comments?post=10032"}],"version-history":[{"count":1,"href":"https:\/\/www.ssccalameda.cl\/portal\/wp-json\/wp\/v2\/posts\/10032\/revisions"}],"predecessor-version":[{"id":10039,"href":"https:\/\/www.ssccalameda.cl\/portal\/wp-json\/wp\/v2\/posts\/10032\/revisions\/10039"}],"wp:featuredmedia":[{"embeddable":true,"href":"https:\/\/www.ssccalameda.cl\/portal\/wp-json\/wp\/v2\/media\/10036"}],"wp:attachment":[{"href":"https:\/\/www.ssccalameda.cl\/portal\/wp-json\/wp\/v2\/media?parent=10032"}],"wp:term":[{"taxonomy":"category","embeddable":true,"href":"https:\/\/www.ssccalameda.cl\/portal\/wp-json\/wp\/v2\/categories?post=10032"},{"taxonomy":"post_tag","embeddable":true,"href":"https:\/\/www.ssccalameda.cl\/portal\/wp-json\/wp\/v2\/tags?post=10032"}],"curies":[{"name":"wp","href":"https:\/\/api.w.org\/{rel}","templated":true}]}}