{"id":10090,"date":"2022-08-29T10:50:52","date_gmt":"2022-08-29T14:50:52","guid":{"rendered":"http:\/\/www.ssccalameda.cl\/portal\/?p=10090"},"modified":"2022-08-29T18:24:15","modified_gmt":"2022-08-29T22:24:15","slug":"modificacion-del-horario-de-salida-de-1ero-y-2do-basico","status":"publish","type":"post","link":"https:\/\/www.ssccalameda.cl\/portal\/modificacion-del-horario-de-salida-de-1ero-y-2do-basico\/","title":{"rendered":"Modificaci\u00f3n del horario de salida de 1ero y 2do B\u00e1sico"},"content":{"rendered":"\n<p>Estimadas familias de 1ero y 2do B\u00e1sico:<\/p>\n\n\n\n<p>Nos es grato comunicarnos con ustedes para informarles que en nuestra permanente preocupaci\u00f3n por el desarrollo de los aprendizajes y el resguardo de los aspectos emocionales de nuestros\/as estudiantes, la Vicerrector\u00eda Acad\u00e9mica planific\u00f3 una reorganizaci\u00f3n de la agenda diaria de trabajo que permitir\u00e1 extender los tiempos de descanso durante la jornada escolar.<\/p>\n\n\n\n<p>Dado aquello, los y las estudiantes podr\u00e1n disfrutar de recreos un poco m\u00e1s largos y contar\u00e1n con m\u00e1s tiempo de colaci\u00f3n, unido a la modificaci\u00f3n del <strong>horario diario de salida<\/strong> que ser\u00e1 a las 15:20 horas a partir del lunes 29 de agosto.<\/p>\n\n\n\n<p>Es importante se\u00f1alar que el tiempo de recreaci\u00f3n proporciona importante beneficios psicoemocionales, cognitivos y sociales, por lo que tenemos la convicci\u00f3n que esta medida ir\u00e1 en directo favor de nuestra comunidad de estudiantes.<\/p>\n\n\n\n<p>Afectuosamente,<\/p>\n\n\n\n<p class=\"has-text-align-center\">Vicerrector\u00eda Acad\u00e9mica<\/p>\n\n\n\n<div class=\"wp-block-file\"><a href=\"http:\/\/www.ssccalameda.cl\/portal\/wp-content\/uploads\/2022\/08\/29082022_1ero-y-2do-Basico.pdf\">29082022_1ero-y-2do-Basico<\/a><a href=\"http:\/\/www.ssccalameda.cl\/portal\/wp-content\/uploads\/2022\/08\/29082022_1ero-y-2do-Basico.pdf\" class=\"wp-block-file__button\" download><span class=\"has-inline-color has-white-color\">Descarga<\/span><\/a><\/div>\n\n\n\n<p><\/p>\n","protected":false},"excerpt":{"rendered":"<p>Estimadas familias de 1ero y 2do B\u00e1sico: Nos es grato comunicarnos con ustedes para informarles que en nuestra permanente preocupaci\u00f3n por el desarrollo de los aprendizajes y el resguardo de los aspectos emocionales de nuestros\/as estudiantes, la Vicerrector\u00eda Acad\u00e9mica planific\u00f3 una reorganizaci\u00f3n de la agenda diaria de trabajo que permitir\u00e1 extender los tiempos de descanso &hellip;<\/p>\n","protected":false},"author":4,"featured_media":8001,"comment_status":"closed","ping_status":"closed","sticky":false,"template":"","format":"standard","meta":{"footnotes":""},"categories":[41],"tags":[],"_links":{"self":[{"href":"https:\/\/www.ssccalameda.cl\/portal\/wp-json\/wp\/v2\/posts\/10090"}],"collection":[{"href":"https:\/\/www.ssccalameda.cl\/portal\/wp-json\/wp\/v2\/posts"}],"about":[{"href":"https:\/\/www.ssccalameda.cl\/portal\/wp-json\/wp\/v2\/types\/post"}],"author":[{"embeddable":true,"href":"https:\/\/www.ssccalameda.cl\/portal\/wp-json\/wp\/v2\/users\/4"}],"replies":[{"embeddable":true,"href":"https:\/\/www.ssccalameda.cl\/portal\/wp-json\/wp\/v2\/comments?post=10090"}],"version-history":[{"count":1,"href":"https:\/\/www.ssccalameda.cl\/portal\/wp-json\/wp\/v2\/posts\/10090\/revisions"}],"predecessor-version":[{"id":10092,"href":"https:\/\/www.ssccalameda.cl\/portal\/wp-json\/wp\/v2\/posts\/10090\/revisions\/10092"}],"wp:featuredmedia":[{"embeddable":true,"href":"https:\/\/www.ssccalameda.cl\/portal\/wp-json\/wp\/v2\/media\/8001"}],"wp:attachment":[{"href":"https:\/\/www.ssccalameda.cl\/portal\/wp-json\/wp\/v2\/media?parent=10090"}],"wp:term":[{"taxonomy":"category","embeddable":true,"href":"https:\/\/www.ssccalameda.cl\/portal\/wp-json\/wp\/v2\/categories?post=10090"},{"taxonomy":"post_tag","embeddable":true,"href":"https:\/\/www.ssccalameda.cl\/portal\/wp-json\/wp\/v2\/tags?post=10090"}],"curies":[{"name":"wp","href":"https:\/\/api.w.org\/{rel}","templated":true}]}}