{"id":10115,"date":"2022-08-29T18:17:58","date_gmt":"2022-08-29T22:17:58","guid":{"rendered":"http:\/\/www.ssccalameda.cl\/portal\/?p=10115"},"modified":"2022-08-29T18:20:14","modified_gmt":"2022-08-29T22:20:14","slug":"obispos-llaman-al-dialogo-y-la-no-violencia-por-el-bien-de-chile","status":"publish","type":"post","link":"https:\/\/www.ssccalameda.cl\/portal\/obispos-llaman-al-dialogo-y-la-no-violencia-por-el-bien-de-chile\/","title":{"rendered":"Obispos llaman al di\u00e1logo y la no violencia por el bien de Chile"},"content":{"rendered":"\n<p>Ante el plebiscito del 4 de septiembre, representantes de la Conferencia Episcopal invitaron a personas de diversos \u00e1mbitos pol\u00edticos a reflexionar sobre lo que puede llevarnos a un Chile m\u00e1s justo y fraterno, buscando caminos que permitan curar las heridas y reparar las fracturas de la convivencia nacional. Dicho di\u00e1logo se dio junto a la presentaci\u00f3n del mensaje \u201cActitudes ante una decisi\u00f3n trascendental\u201d.<\/p>\n\n\n\n<p>El encuentro se desarroll\u00f3 en las dependencias de la Conferencia Episcopal de Chile, en Santiago, instancia en la que junto a los obispos del Comit\u00e9 Permanente Fernando Chomali y Juan Ignacio Gonz\u00e1lez -adem\u00e1s de la secretaria general adjunta del episcopado, Valeria L\u00f3pez- participaron parlamentarios, ex convencionales y otros actores socio pol\u00edticos. Ellos fueron: Agust\u00edn Squella, Roberto Celed\u00f3n, Javier Macaya, Jos\u00e9 Garc\u00eda Ruminot, Genaro Arriagada, Claudio Alvarado y Eric Aedo.<\/p>\n\n\n\n<p>En la oportunidad los obispos agradecieron la presencia y la labor que cada participante realiza en su rol pol\u00edtico. Adem\u00e1s, se dio cuenta de la diversidad de acciones que ha desarrollado la Iglesia en torno al debate constitucional en comunidades parroquiales, colegios y otras instancias eclesiales. Tambi\u00e9n se expresaron algunos puntos centrales de las m\u00e1s recientes declaraciones del episcopado nacional, relevando que la presencia de la Iglesia a lo largo y ancho de Chile en lo pastoral, educacional y social busca poner a disposici\u00f3n del pa\u00eds la mirada y los valores del Evangelio en el mundo actual.<\/p>\n\n\n\n<p><a rel=\"noreferrer noopener\" href=\"http:\/\/www.iglesia.cl\/documentos_sac\/29082022_958am_630cc614f21c0.pdf?t=Comit%C3%A9%20Permanente:%20Actitudes%20ante%20una%20decisio%CC%81n%20trascendental\" data-type=\"URL\" data-id=\"http:\/\/www.iglesia.cl\/documentos_sac\/29082022_958am_630cc614f21c0.pdf?t=Comit%C3%A9%20Permanente:%20Actitudes%20ante%20una%20decisio%CC%81n%20trascendental\" target=\"_blank\">Ver documento completo<\/a><\/p>\n\n\n\n<p>Fuente: <strong>Comunicaciones CECh<\/strong><br><em>Santiago, 29-08-2022<\/em><\/p>\n","protected":false},"excerpt":{"rendered":"<p>Ante el plebiscito del 4 de septiembre, representantes de la Conferencia Episcopal invitaron a personas de diversos \u00e1mbitos pol\u00edticos a reflexionar sobre lo que puede llevarnos a un Chile m\u00e1s justo y fraterno, buscando caminos que permitan curar las heridas y reparar las fracturas de la convivencia nacional. Dicho di\u00e1logo se dio junto a la &hellip;<\/p>\n","protected":false},"author":4,"featured_media":10117,"comment_status":"closed","ping_status":"closed","sticky":false,"template":"","format":"standard","meta":{"footnotes":""},"categories":[40],"tags":[],"_links":{"self":[{"href":"https:\/\/www.ssccalameda.cl\/portal\/wp-json\/wp\/v2\/posts\/10115"}],"collection":[{"href":"https:\/\/www.ssccalameda.cl\/portal\/wp-json\/wp\/v2\/posts"}],"about":[{"href":"https:\/\/www.ssccalameda.cl\/portal\/wp-json\/wp\/v2\/types\/post"}],"author":[{"embeddable":true,"href":"https:\/\/www.ssccalameda.cl\/portal\/wp-json\/wp\/v2\/users\/4"}],"replies":[{"embeddable":true,"href":"https:\/\/www.ssccalameda.cl\/portal\/wp-json\/wp\/v2\/comments?post=10115"}],"version-history":[{"count":1,"href":"https:\/\/www.ssccalameda.cl\/portal\/wp-json\/wp\/v2\/posts\/10115\/revisions"}],"predecessor-version":[{"id":10116,"href":"https:\/\/www.ssccalameda.cl\/portal\/wp-json\/wp\/v2\/posts\/10115\/revisions\/10116"}],"wp:featuredmedia":[{"embeddable":true,"href":"https:\/\/www.ssccalameda.cl\/portal\/wp-json\/wp\/v2\/media\/10117"}],"wp:attachment":[{"href":"https:\/\/www.ssccalameda.cl\/portal\/wp-json\/wp\/v2\/media?parent=10115"}],"wp:term":[{"taxonomy":"category","embeddable":true,"href":"https:\/\/www.ssccalameda.cl\/portal\/wp-json\/wp\/v2\/categories?post=10115"},{"taxonomy":"post_tag","embeddable":true,"href":"https:\/\/www.ssccalameda.cl\/portal\/wp-json\/wp\/v2\/tags?post=10115"}],"curies":[{"name":"wp","href":"https:\/\/api.w.org\/{rel}","templated":true}]}}