{"id":10123,"date":"2022-08-31T11:45:51","date_gmt":"2022-08-31T15:45:51","guid":{"rendered":"http:\/\/www.ssccalameda.cl\/portal\/?p=10123"},"modified":"2022-08-31T11:48:29","modified_gmt":"2022-08-31T15:48:29","slug":"financiamiento-de-la-educacion-superior","status":"publish","type":"post","link":"https:\/\/www.ssccalameda.cl\/portal\/financiamiento-de-la-educacion-superior\/","title":{"rendered":"Financiamiento de la educaci\u00f3n superior"},"content":{"rendered":"\n<p>Con muy buenos comentarios de los asistentes se realiz\u00f3 ayer la charla para familias de IV Medio sobre el financiamiento de la educaci\u00f3n superior conducida por Cristi\u00e1n Sign\u00e9 y organizada por el \u00c1rea Socio-afectiva y Familia de la Vicerrector\u00eda de Formaci\u00f3n.<\/p>\n\n\n\n<p>Durante la sesi\u00f3n de ayer, se abordaron temas relacionados con c\u00f3mo se asignan los beneficios, cu\u00e1les son las alternativas de financiamiento disponibles en el sistema, los alcances de las becas y un comparativo de las herramientas de cr\u00e9dito, a la ves que existi\u00f3 un espacio para responder las dudas de los\/as asistentes.<\/p>\n\n\n\n<p>Sign\u00e9 es consultor educacional y se dedica desde 2003 a acompa\u00f1ar en el proceso de preparaci\u00f3n para el ingreso a la universidad a estudiantes de distintos colegios de Santiago y regiones.<\/p>\n\n\n\n<p>Les invitamos a revisar nuevamente la informaci\u00f3n entregada en la charla pinchando el link inferior.<\/p>\n\n\n\n<div class=\"wp-block-buttons is-layout-flex wp-block-buttons-is-layout-flex\">\n<div class=\"wp-block-button\"><a class=\"wp-block-button__link has-vivid-cyan-blue-background-color has-background\" href=\"https:\/\/ssccalameda-my.sharepoint.com\/personal\/jaimealejandrogomez_ssccalameda_cl\/_layouts\/15\/onedrive.aspx?id=%2Fpersonal%2Fjaimealejandrogomez%5Fssccalameda%5Fcl%2FDocuments%2FGMT20220830%2D231039%5FRecording%5F1920x1080%2Emp4&amp;parent=%2Fpersonal%2Fjaimealejandrogomez%5Fssccalameda%5Fcl%2FDocuments&amp;ga=1\" target=\"_blank\" rel=\"noreferrer noopener\"><span class=\"has-inline-color has-white-color\">Ver grabaci\u00f3n<\/span><\/a><\/div>\n<\/div>\n\n\n\n<div class=\"wp-block-file\"><a href=\"http:\/\/www.ssccalameda.cl\/portal\/wp-content\/uploads\/2022\/08\/202208_2.pdf\">Ver ppt<\/a><a href=\"http:\/\/www.ssccalameda.cl\/portal\/wp-content\/uploads\/2022\/08\/202208_2.pdf\" class=\"wp-block-file__button\" download><span class=\"has-inline-color has-white-color\">Descargar<\/span><\/a><\/div>\n\n\n\n<figure class=\"wp-block-gallery columns-3 is-cropped wp-block-gallery-1 is-layout-flex wp-block-gallery-is-layout-flex\"><ul class=\"blocks-gallery-grid\"><li class=\"blocks-gallery-item\"><figure><img loading=\"lazy\" decoding=\"async\" width=\"961\" height=\"607\" src=\"http:\/\/www.ssccalameda.cl\/portal\/wp-content\/uploads\/2022\/08\/charla2.jpg\" alt=\"\" data-id=\"10125\" data-full-url=\"http:\/\/www.ssccalameda.cl\/portal\/wp-content\/uploads\/2022\/08\/charla2.jpg\" data-link=\"http:\/\/www.ssccalameda.cl\/portal\/?attachment_id=10125\" class=\"wp-image-10125\" srcset=\"https:\/\/www.ssccalameda.cl\/portal\/wp-content\/uploads\/2022\/08\/charla2.jpg 961w, https:\/\/www.ssccalameda.cl\/portal\/wp-content\/uploads\/2022\/08\/charla2-300x189.jpg 300w, https:\/\/www.ssccalameda.cl\/portal\/wp-content\/uploads\/2022\/08\/charla2-768x485.jpg 768w\" sizes=\"(max-width: 961px) 100vw, 961px\" \/><\/figure><\/li><li class=\"blocks-gallery-item\"><figure><img loading=\"lazy\" decoding=\"async\" width=\"819\" height=\"523\" src=\"http:\/\/www.ssccalameda.cl\/portal\/wp-content\/uploads\/2022\/08\/CHarla4.jpg\" alt=\"\" data-id=\"10127\" data-full-url=\"http:\/\/www.ssccalameda.cl\/portal\/wp-content\/uploads\/2022\/08\/CHarla4.jpg\" data-link=\"http:\/\/www.ssccalameda.cl\/portal\/?attachment_id=10127\" class=\"wp-image-10127\" srcset=\"https:\/\/www.ssccalameda.cl\/portal\/wp-content\/uploads\/2022\/08\/CHarla4.jpg 819w, https:\/\/www.ssccalameda.cl\/portal\/wp-content\/uploads\/2022\/08\/CHarla4-300x192.jpg 300w, https:\/\/www.ssccalameda.cl\/portal\/wp-content\/uploads\/2022\/08\/CHarla4-768x490.jpg 768w\" sizes=\"(max-width: 819px) 100vw, 819px\" \/><\/figure><\/li><li class=\"blocks-gallery-item\"><figure><img loading=\"lazy\" decoding=\"async\" width=\"813\" height=\"541\" src=\"http:\/\/www.ssccalameda.cl\/portal\/wp-content\/uploads\/2022\/08\/Charla5.jpg\" alt=\"\" data-id=\"10128\" data-full-url=\"http:\/\/www.ssccalameda.cl\/portal\/wp-content\/uploads\/2022\/08\/Charla5.jpg\" data-link=\"http:\/\/www.ssccalameda.cl\/portal\/?attachment_id=10128\" class=\"wp-image-10128\" srcset=\"https:\/\/www.ssccalameda.cl\/portal\/wp-content\/uploads\/2022\/08\/Charla5.jpg 813w, https:\/\/www.ssccalameda.cl\/portal\/wp-content\/uploads\/2022\/08\/Charla5-300x200.jpg 300w, https:\/\/www.ssccalameda.cl\/portal\/wp-content\/uploads\/2022\/08\/Charla5-768x511.jpg 768w, https:\/\/www.ssccalameda.cl\/portal\/wp-content\/uploads\/2022\/08\/Charla5-310x205.jpg 310w\" sizes=\"(max-width: 813px) 100vw, 813px\" \/><\/figure><\/li><li class=\"blocks-gallery-item\"><figure><img loading=\"lazy\" decoding=\"async\" width=\"855\" height=\"535\" src=\"http:\/\/www.ssccalameda.cl\/portal\/wp-content\/uploads\/2022\/08\/charla3.jpg\" alt=\"\" data-id=\"10126\" data-full-url=\"http:\/\/www.ssccalameda.cl\/portal\/wp-content\/uploads\/2022\/08\/charla3.jpg\" data-link=\"http:\/\/www.ssccalameda.cl\/portal\/?attachment_id=10126\" class=\"wp-image-10126\" srcset=\"https:\/\/www.ssccalameda.cl\/portal\/wp-content\/uploads\/2022\/08\/charla3.jpg 855w, https:\/\/www.ssccalameda.cl\/portal\/wp-content\/uploads\/2022\/08\/charla3-300x188.jpg 300w, https:\/\/www.ssccalameda.cl\/portal\/wp-content\/uploads\/2022\/08\/charla3-768x481.jpg 768w\" sizes=\"(max-width: 855px) 100vw, 855px\" \/><\/figure><\/li><li class=\"blocks-gallery-item\"><figure><img loading=\"lazy\" decoding=\"async\" width=\"639\" height=\"547\" src=\"http:\/\/www.ssccalameda.cl\/portal\/wp-content\/uploads\/2022\/08\/charla6.jpg\" alt=\"\" data-id=\"10129\" data-full-url=\"http:\/\/www.ssccalameda.cl\/portal\/wp-content\/uploads\/2022\/08\/charla6.jpg\" data-link=\"http:\/\/www.ssccalameda.cl\/portal\/?attachment_id=10129\" class=\"wp-image-10129\" srcset=\"https:\/\/www.ssccalameda.cl\/portal\/wp-content\/uploads\/2022\/08\/charla6.jpg 639w, https:\/\/www.ssccalameda.cl\/portal\/wp-content\/uploads\/2022\/08\/charla6-300x257.jpg 300w\" sizes=\"(max-width: 639px) 100vw, 639px\" \/><\/figure><\/li><\/ul><\/figure>\n","protected":false},"excerpt":{"rendered":"<p>Con muy buenos comentarios de los asistentes se realiz\u00f3 ayer la charla para familias de IV Medio sobre el financiamiento de la educaci\u00f3n superior conducida por Cristi\u00e1n Sign\u00e9 y organizada por el \u00c1rea Socio-afectiva y Familia de la Vicerrector\u00eda de Formaci\u00f3n. Durante la sesi\u00f3n de ayer, se abordaron temas relacionados con c\u00f3mo se asignan los &hellip;<\/p>\n","protected":false},"author":4,"featured_media":10130,"comment_status":"closed","ping_status":"closed","sticky":false,"template":"","format":"standard","meta":{"footnotes":""},"categories":[40],"tags":[],"_links":{"self":[{"href":"https:\/\/www.ssccalameda.cl\/portal\/wp-json\/wp\/v2\/posts\/10123"}],"collection":[{"href":"https:\/\/www.ssccalameda.cl\/portal\/wp-json\/wp\/v2\/posts"}],"about":[{"href":"https:\/\/www.ssccalameda.cl\/portal\/wp-json\/wp\/v2\/types\/post"}],"author":[{"embeddable":true,"href":"https:\/\/www.ssccalameda.cl\/portal\/wp-json\/wp\/v2\/users\/4"}],"replies":[{"embeddable":true,"href":"https:\/\/www.ssccalameda.cl\/portal\/wp-json\/wp\/v2\/comments?post=10123"}],"version-history":[{"count":1,"href":"https:\/\/www.ssccalameda.cl\/portal\/wp-json\/wp\/v2\/posts\/10123\/revisions"}],"predecessor-version":[{"id":10132,"href":"https:\/\/www.ssccalameda.cl\/portal\/wp-json\/wp\/v2\/posts\/10123\/revisions\/10132"}],"wp:featuredmedia":[{"embeddable":true,"href":"https:\/\/www.ssccalameda.cl\/portal\/wp-json\/wp\/v2\/media\/10130"}],"wp:attachment":[{"href":"https:\/\/www.ssccalameda.cl\/portal\/wp-json\/wp\/v2\/media?parent=10123"}],"wp:term":[{"taxonomy":"category","embeddable":true,"href":"https:\/\/www.ssccalameda.cl\/portal\/wp-json\/wp\/v2\/categories?post=10123"},{"taxonomy":"post_tag","embeddable":true,"href":"https:\/\/www.ssccalameda.cl\/portal\/wp-json\/wp\/v2\/tags?post=10123"}],"curies":[{"name":"wp","href":"https:\/\/api.w.org\/{rel}","templated":true}]}}