{"id":10137,"date":"2022-09-01T07:55:00","date_gmt":"2022-09-01T11:55:00","guid":{"rendered":"http:\/\/www.ssccalameda.cl\/portal\/?p=10137"},"modified":"2022-08-31T16:00:15","modified_gmt":"2022-08-31T20:00:15","slug":"comite-para-la-sana-convivencia-escolar-3","status":"publish","type":"post","link":"https:\/\/www.ssccalameda.cl\/portal\/comite-para-la-sana-convivencia-escolar-3\/","title":{"rendered":"Comit\u00e9 para la sana convivencia escolar"},"content":{"rendered":"\n<p>Tal como cada \u00faltimo martes del mes se reuni\u00f3 esta semana el <strong>Comit\u00e9 para la Sana Convivencia Escolar <\/strong>que convoca a los distintos estamentos de nuestra comunidad bajo la coordinaci\u00f3n del<strong> \u00c1rea de Convivencia Escolar y Prevenci\u00f3n<\/strong> de la <strong>Vicerrector\u00eda de Formaci\u00f3n<\/strong>.<\/p>\n\n\n\n<p>Durante la sesi\u00f3n se dio a conocer un reporte del estado de los casos gestionados a la fecha, las medidas formativas aplicadas y los protocolos que han debido activarse con mayor frecuencia, entre otros temas.<\/p>\n\n\n\n<p>Unido a lo anterior, se dio cuenta del avance del plan de convivencia 2022 destacando las siguientes acciones:<\/p>\n\n\n\n<ul><li>Capacitaci\u00f3n de mediadores\/as escolares de 4tos B\u00e1sicos: Participaron 23 estudiantes.<\/li><li>Inicio del proceso de capacitaci\u00f3n de mediadores\/as 5to y 6to B\u00e1sico.<\/li><li>Intervenciones en cursos en tem\u00e1ticas dirigidas a la diversidad e inclusi\u00f3n, adem\u00e1s de actividades buscando promocionar el buen trato y sana convivencia en el ciclo menor.<\/li><li>Proceso de actualizaci\u00f3n del RICE.<\/li><li>Intervenci\u00f3n de Volando V en el colegio.<\/li><\/ul>\n\n\n\n<p>La pr\u00f3xima reuni\u00f3n del comit\u00e9 se realizar\u00e1 el 25 de octubre.<\/p>\n","protected":false},"excerpt":{"rendered":"<p>Tal como cada \u00faltimo martes del mes se reuni\u00f3 esta semana el Comit\u00e9 para la Sana Convivencia Escolar que convoca a los distintos estamentos de nuestra comunidad bajo la coordinaci\u00f3n del \u00c1rea de Convivencia Escolar y Prevenci\u00f3n de la Vicerrector\u00eda de Formaci\u00f3n. Durante la sesi\u00f3n se dio a conocer un reporte del estado de los &hellip;<\/p>\n","protected":false},"author":4,"featured_media":6779,"comment_status":"closed","ping_status":"closed","sticky":false,"template":"","format":"standard","meta":{"footnotes":""},"categories":[40],"tags":[],"_links":{"self":[{"href":"https:\/\/www.ssccalameda.cl\/portal\/wp-json\/wp\/v2\/posts\/10137"}],"collection":[{"href":"https:\/\/www.ssccalameda.cl\/portal\/wp-json\/wp\/v2\/posts"}],"about":[{"href":"https:\/\/www.ssccalameda.cl\/portal\/wp-json\/wp\/v2\/types\/post"}],"author":[{"embeddable":true,"href":"https:\/\/www.ssccalameda.cl\/portal\/wp-json\/wp\/v2\/users\/4"}],"replies":[{"embeddable":true,"href":"https:\/\/www.ssccalameda.cl\/portal\/wp-json\/wp\/v2\/comments?post=10137"}],"version-history":[{"count":1,"href":"https:\/\/www.ssccalameda.cl\/portal\/wp-json\/wp\/v2\/posts\/10137\/revisions"}],"predecessor-version":[{"id":10138,"href":"https:\/\/www.ssccalameda.cl\/portal\/wp-json\/wp\/v2\/posts\/10137\/revisions\/10138"}],"wp:featuredmedia":[{"embeddable":true,"href":"https:\/\/www.ssccalameda.cl\/portal\/wp-json\/wp\/v2\/media\/6779"}],"wp:attachment":[{"href":"https:\/\/www.ssccalameda.cl\/portal\/wp-json\/wp\/v2\/media?parent=10137"}],"wp:term":[{"taxonomy":"category","embeddable":true,"href":"https:\/\/www.ssccalameda.cl\/portal\/wp-json\/wp\/v2\/categories?post=10137"},{"taxonomy":"post_tag","embeddable":true,"href":"https:\/\/www.ssccalameda.cl\/portal\/wp-json\/wp\/v2\/tags?post=10137"}],"curies":[{"name":"wp","href":"https:\/\/api.w.org\/{rel}","templated":true}]}}