{"id":10199,"date":"2022-09-06T09:02:08","date_gmt":"2022-09-06T12:02:08","guid":{"rendered":"http:\/\/www.ssccalameda.cl\/portal\/?p=10199"},"modified":"2022-09-06T09:04:09","modified_gmt":"2022-09-06T12:04:09","slug":"acompanar-en-la-decision-vocacional","status":"publish","type":"post","link":"https:\/\/www.ssccalameda.cl\/portal\/acompanar-en-la-decision-vocacional\/","title":{"rendered":"Acompa\u00f1ar en la decisi\u00f3n vocacional"},"content":{"rendered":"\n<p>Les recordamos que el taller \u00abC\u00f3mo acompa\u00f1ar a los hijos en el proceso de decisi\u00f3n vocacional\u00bb destinado a los padres y madres de II y III Medio&nbsp;<strong>se realizar\u00e1 el jueves 8 a las 19:00 hrs.<\/strong>&nbsp;v\u00eda streaming.<\/p>\n\n\n\n<p>Aprovechamos, a modo de preparaci\u00f3n para este encuentro, reflexionar en familia, en torno a estas preguntas:<\/p>\n\n\n\n<ul><li>\u00bfC\u00f3mo estamos generando en casa un espacio seguro y de confianza para que nuestro(a) hijo(a) converse y plantee sus inquietudes y sue\u00f1os relacionados con su proyecto de Vida?<\/li><li>\u00bfEs simple tocar estos temas con sus hijos? \u00bfPor qu\u00e9?<\/li><li>Uds. como pap\u00e1s, \u00bfle cuentan a sus hijos acerca de los trabajos? (lo que hacen, lo que implica, etc.)<\/li><li>\u00bfC\u00f3mo estoy ayudando a mi hijo(a) a conocerse con mayor profundidad, es decir, plantearse lo que verdaderamente le gusta, cu\u00e1les son sus intereses, habilidades, valores que lo gu\u00edan?<\/li><li>\u00bfC\u00f3mo padre\/madre, he logrado diferenciar mis deseos y anhelos de los de mi hijo(a) en el tema de la decisi\u00f3n vocacional?<\/li><\/ul>\n\n\n\n<p>Para conectarse a la transmisi\u00f3n, por favor, pinche la imagen inferior:<\/p>\n\n\n\n<figure class=\"wp-block-embed-youtube wp-block-embed is-type-video is-provider-youtube wp-embed-aspect-16-9 wp-has-aspect-ratio\"><div class=\"wp-block-embed__wrapper\">\n<iframe loading=\"lazy\" title=\"\u00bfC\u00f3mo acompa\u00f1ar a nuestros hijos en su discernimiento vocacional?\" width=\"618\" height=\"348\" src=\"https:\/\/www.youtube.com\/embed\/DAcVnjjj7GE?feature=oembed\" frameborder=\"0\" allow=\"accelerometer; autoplay; clipboard-write; encrypted-media; gyroscope; picture-in-picture\" allowfullscreen><\/iframe>\n<\/div><\/figure>\n","protected":false},"excerpt":{"rendered":"<p>Les recordamos que el taller \u00abC\u00f3mo acompa\u00f1ar a los hijos en el proceso de decisi\u00f3n vocacional\u00bb destinado a los padres y madres de II y III Medio&nbsp;se realizar\u00e1 el jueves 8 a las 19:00 hrs.&nbsp;v\u00eda streaming. Aprovechamos, a modo de preparaci\u00f3n para este encuentro, reflexionar en familia, en torno a estas preguntas: \u00bfC\u00f3mo estamos generando &hellip;<\/p>\n","protected":false},"author":4,"featured_media":9600,"comment_status":"closed","ping_status":"closed","sticky":false,"template":"","format":"standard","meta":{"footnotes":""},"categories":[40],"tags":[],"_links":{"self":[{"href":"https:\/\/www.ssccalameda.cl\/portal\/wp-json\/wp\/v2\/posts\/10199"}],"collection":[{"href":"https:\/\/www.ssccalameda.cl\/portal\/wp-json\/wp\/v2\/posts"}],"about":[{"href":"https:\/\/www.ssccalameda.cl\/portal\/wp-json\/wp\/v2\/types\/post"}],"author":[{"embeddable":true,"href":"https:\/\/www.ssccalameda.cl\/portal\/wp-json\/wp\/v2\/users\/4"}],"replies":[{"embeddable":true,"href":"https:\/\/www.ssccalameda.cl\/portal\/wp-json\/wp\/v2\/comments?post=10199"}],"version-history":[{"count":1,"href":"https:\/\/www.ssccalameda.cl\/portal\/wp-json\/wp\/v2\/posts\/10199\/revisions"}],"predecessor-version":[{"id":10202,"href":"https:\/\/www.ssccalameda.cl\/portal\/wp-json\/wp\/v2\/posts\/10199\/revisions\/10202"}],"wp:featuredmedia":[{"embeddable":true,"href":"https:\/\/www.ssccalameda.cl\/portal\/wp-json\/wp\/v2\/media\/9600"}],"wp:attachment":[{"href":"https:\/\/www.ssccalameda.cl\/portal\/wp-json\/wp\/v2\/media?parent=10199"}],"wp:term":[{"taxonomy":"category","embeddable":true,"href":"https:\/\/www.ssccalameda.cl\/portal\/wp-json\/wp\/v2\/categories?post=10199"},{"taxonomy":"post_tag","embeddable":true,"href":"https:\/\/www.ssccalameda.cl\/portal\/wp-json\/wp\/v2\/tags?post=10199"}],"curies":[{"name":"wp","href":"https:\/\/api.w.org\/{rel}","templated":true}]}}