{"id":10971,"date":"2022-10-25T20:02:46","date_gmt":"2022-10-25T23:02:46","guid":{"rendered":"http:\/\/www.ssccalameda.cl\/portal\/?p=10971"},"modified":"2022-10-25T20:02:48","modified_gmt":"2022-10-25T23:02:48","slug":"suspension-de-clases-por-jornada-de-trabajo-y-acogida","status":"publish","type":"post","link":"https:\/\/www.ssccalameda.cl\/portal\/suspension-de-clases-por-jornada-de-trabajo-y-acogida\/","title":{"rendered":"Suspensi\u00f3n de clases por jornada de trabajo y acogida"},"content":{"rendered":"\n<p>Estimada comunidad:<\/p>\n\n\n\n<p>Con profundo pesar debemos informarles del lamentable accidente que involucr\u00f3 a una estudiante del Ciclo Mayor durante esta ma\u00f1ana, quien, producto de una grave ca\u00edda debi\u00f3 ser trasladada de urgencia a un centro asistencial.<\/p>\n\n\n\n<p>La estudiante, luego de recibir la inmediata atenci\u00f3n de primeros auxilios del colegio y el apoyo de Bomberos y el SAMU, por indicaciones de \u00e9ste, fue trasladada en una ambulancia de la instituci\u00f3n, a la Red de Salud UC ubicada en Marcoleta, en compa\u00f1\u00eda de sus padres. Integrantes de la Vicerrector\u00eda de Formaci\u00f3n acompa\u00f1aron a la familia al recinto asistencial. El estado actual de la estudiante es de gravedad.<\/p>\n\n\n\n<p>Sentimos un gran pesar y por ello, hacemos un llamado a unirnos como comunidad en oraci\u00f3n por su pronta recuperaci\u00f3n. El hecho caus\u00f3 una gran conmoci\u00f3n en todos(as) nosotros(as) por lo que pedimos a cada familia estar atenta y acoger el sentir de sus hijos(as).<\/p>\n\n\n\n<p>Hacemos presente que el equipo de apoyo del colegio estuvo hoy y est\u00e1 a disposici\u00f3n de todas y todos los estudiantes, sus familias y funcionarios que lo requieran. Asimismo, hemos iniciado un proceso de indagaci\u00f3n interna para conocer y evaluar las circunstancias que rodearon el accidente.<\/p>\n\n\n\n<p>Por lo anterior, ma\u00f1ana mi\u00e9rcoles 26 el colegio ha dispuesto <strong>suspender las clases en todos los ciclos<\/strong> para realizar una jornada de trabajo y acogida con profesores(as) y trabajadores(as) para estar en condiciones de recibir y acompa\u00f1ar a los(as) estudiantes y a sus familias.<\/p>\n\n\n\n<p>Acompa\u00f1amos a la familia y compa\u00f1eros\/as de la estudiante y rogamos que los Sagrados Corazones de Jes\u00fas y de Mar\u00eda nos acompa\u00f1en y nos den fuerza.<\/p>\n\n\n\n<p>Fraternalmente,<\/p>\n\n\n\n<p class=\"has-text-align-center\">La Direcci\u00f3n<\/p>\n\n\n\n<div class=\"wp-block-file\"><a href=\"http:\/\/www.ssccalameda.cl\/portal\/wp-content\/uploads\/2022\/10\/25102022_Com_ACC2-4.pdf\">25102022<\/a><a href=\"http:\/\/www.ssccalameda.cl\/portal\/wp-content\/uploads\/2022\/10\/25102022_Com_ACC2-4.pdf\" class=\"wp-block-file__button\" download><span class=\"has-inline-color has-white-color\">Descargar<\/span><\/a><\/div>\n","protected":false},"excerpt":{"rendered":"<p>Estimada comunidad: Con profundo pesar debemos informarles del lamentable accidente que involucr\u00f3 a una estudiante del Ciclo Mayor durante esta ma\u00f1ana, quien, producto de una grave ca\u00edda debi\u00f3 ser trasladada de urgencia a un centro asistencial. La estudiante, luego de recibir la inmediata atenci\u00f3n de primeros auxilios del colegio y el apoyo de Bomberos y &hellip;<\/p>\n","protected":false},"author":4,"featured_media":9779,"comment_status":"closed","ping_status":"closed","sticky":false,"template":"","format":"standard","meta":{"footnotes":""},"categories":[41],"tags":[],"_links":{"self":[{"href":"https:\/\/www.ssccalameda.cl\/portal\/wp-json\/wp\/v2\/posts\/10971"}],"collection":[{"href":"https:\/\/www.ssccalameda.cl\/portal\/wp-json\/wp\/v2\/posts"}],"about":[{"href":"https:\/\/www.ssccalameda.cl\/portal\/wp-json\/wp\/v2\/types\/post"}],"author":[{"embeddable":true,"href":"https:\/\/www.ssccalameda.cl\/portal\/wp-json\/wp\/v2\/users\/4"}],"replies":[{"embeddable":true,"href":"https:\/\/www.ssccalameda.cl\/portal\/wp-json\/wp\/v2\/comments?post=10971"}],"version-history":[{"count":1,"href":"https:\/\/www.ssccalameda.cl\/portal\/wp-json\/wp\/v2\/posts\/10971\/revisions"}],"predecessor-version":[{"id":10973,"href":"https:\/\/www.ssccalameda.cl\/portal\/wp-json\/wp\/v2\/posts\/10971\/revisions\/10973"}],"wp:featuredmedia":[{"embeddable":true,"href":"https:\/\/www.ssccalameda.cl\/portal\/wp-json\/wp\/v2\/media\/9779"}],"wp:attachment":[{"href":"https:\/\/www.ssccalameda.cl\/portal\/wp-json\/wp\/v2\/media?parent=10971"}],"wp:term":[{"taxonomy":"category","embeddable":true,"href":"https:\/\/www.ssccalameda.cl\/portal\/wp-json\/wp\/v2\/categories?post=10971"},{"taxonomy":"post_tag","embeddable":true,"href":"https:\/\/www.ssccalameda.cl\/portal\/wp-json\/wp\/v2\/tags?post=10971"}],"curies":[{"name":"wp","href":"https:\/\/api.w.org\/{rel}","templated":true}]}}