{"id":10981,"date":"2022-10-26T17:21:02","date_gmt":"2022-10-26T20:21:02","guid":{"rendered":"http:\/\/www.ssccalameda.cl\/portal\/?p=10981"},"modified":"2022-10-27T11:19:42","modified_gmt":"2022-10-27T14:19:42","slug":"actividades-del-jueves-27-de-octubre","status":"publish","type":"post","link":"https:\/\/www.ssccalameda.cl\/portal\/actividades-del-jueves-27-de-octubre\/","title":{"rendered":"Actividades del jueves 27 de octubre"},"content":{"rendered":"\n<p>Estimadas familias del colegio:<\/p>\n\n\n\n<p>Los saludamos fraternalmente y unidos en la fe, rogamos a los Sagrados Corazones de Jes\u00fas y de Mar\u00eda por Sof\u00eda y sus padres.<\/p>\n\n\n\n<p>Como Colegio queremos centrarnos en un tiempo de oraci\u00f3n y reflexi\u00f3n. Para ello, hemos decidido modificar la agenda de actividades de los pr\u00f3ximos d\u00edas, de acuerdo con el siguiente programa:<\/p>\n\n\n\n<ul><li>Ma\u00f1ana jueves 27 de octubre, invitamos a las familias del colegio a una <strong>oraci\u00f3n comunitaria, que nos permitir\u00e1 reencontrarnos como Comunidad de los Sagrados Corazones<\/strong>. \u00c9sta se realizar\u00e1 a las 08:30 horas en el patio central. Los y las estudiantes del Ciclo Inicial y Menor que deseen asistir, deber\u00e1n venir con sus apoderados\/as para retirarse una vez concluido el encuentro. En tanto, el Ciclo Mayor podr\u00e1 hacerlo sin compa\u00f1\u00eda. Para poder participar de este momento las clases, talleres y el programa Recrea se suspenden. Las puertas de Carrera 21 y Alameda estar\u00e1n abiertas para el ingreso.<\/li><li>Las&nbsp;<strong>evaluaciones<\/strong>&nbsp;programadas para esta semana ser\u00e1n&nbsp;<strong>recalendarizadas <\/strong>y las nuevas fechas se dar\u00e1n a conocer oportunamente.<\/li><li>Por otra parte, se suspende la&nbsp;<strong>Fiesta de la Luz<\/strong>&nbsp;agendada para el viernes 28 de octubre.<\/li><\/ul>\n\n\n\n<p>Hoy todas las \u00e1reas de trabajo realizamos una jornada de reflexi\u00f3n, poniendo en pausa el quehacer habitual, como lo amerita un momento como \u00e9ste, prepar\u00e1ndonos para poder recibir y acoger a nuestros estudiantes al retorno.<\/p>\n\n\n\n<p>Es importante recalcar que cualquier nuevo antecedente relativo a Sof\u00eda y el quehacer del colegio, se los daremos a conocer a trav\u00e9s de nuestros canales oficiales. Solicitamos a la comunidad estar atenta a ellos para evitar desinformaci\u00f3n.<\/p>\n\n\n\n<p>Seguimos<strong> unidos con toda nuestra fuerza y fe en oraci\u00f3n<\/strong> poniendo en nuestras intenciones a los padres de Sof\u00eda, su familia, amigos; compa\u00f1eros y profesores.<\/p>\n\n\n\n<p class=\"has-text-align-center\">La Direcci\u00f3n<\/p>\n\n\n\n<div class=\"wp-block-file\"><a href=\"http:\/\/www.ssccalameda.cl\/portal\/wp-content\/uploads\/2022\/10\/Comunicado-261022.pdf\">261022<\/a><a href=\"http:\/\/www.ssccalameda.cl\/portal\/wp-content\/uploads\/2022\/10\/Comunicado-261022.pdf\" class=\"wp-block-file__button\" download><span class=\"has-inline-color has-white-color\">Descargar<\/span><\/a><\/div>\n","protected":false},"excerpt":{"rendered":"<p>Estimadas familias del colegio: Los saludamos fraternalmente y unidos en la fe, rogamos a los Sagrados Corazones de Jes\u00fas y de Mar\u00eda por Sof\u00eda y sus padres. Como Colegio queremos centrarnos en un tiempo de oraci\u00f3n y reflexi\u00f3n. Para ello, hemos decidido modificar la agenda de actividades de los pr\u00f3ximos d\u00edas, de acuerdo con el &hellip;<\/p>\n","protected":false},"author":4,"featured_media":8831,"comment_status":"closed","ping_status":"closed","sticky":false,"template":"","format":"standard","meta":{"footnotes":""},"categories":[41],"tags":[],"_links":{"self":[{"href":"https:\/\/www.ssccalameda.cl\/portal\/wp-json\/wp\/v2\/posts\/10981"}],"collection":[{"href":"https:\/\/www.ssccalameda.cl\/portal\/wp-json\/wp\/v2\/posts"}],"about":[{"href":"https:\/\/www.ssccalameda.cl\/portal\/wp-json\/wp\/v2\/types\/post"}],"author":[{"embeddable":true,"href":"https:\/\/www.ssccalameda.cl\/portal\/wp-json\/wp\/v2\/users\/4"}],"replies":[{"embeddable":true,"href":"https:\/\/www.ssccalameda.cl\/portal\/wp-json\/wp\/v2\/comments?post=10981"}],"version-history":[{"count":1,"href":"https:\/\/www.ssccalameda.cl\/portal\/wp-json\/wp\/v2\/posts\/10981\/revisions"}],"predecessor-version":[{"id":10985,"href":"https:\/\/www.ssccalameda.cl\/portal\/wp-json\/wp\/v2\/posts\/10981\/revisions\/10985"}],"wp:featuredmedia":[{"embeddable":true,"href":"https:\/\/www.ssccalameda.cl\/portal\/wp-json\/wp\/v2\/media\/8831"}],"wp:attachment":[{"href":"https:\/\/www.ssccalameda.cl\/portal\/wp-json\/wp\/v2\/media?parent=10981"}],"wp:term":[{"taxonomy":"category","embeddable":true,"href":"https:\/\/www.ssccalameda.cl\/portal\/wp-json\/wp\/v2\/categories?post=10981"},{"taxonomy":"post_tag","embeddable":true,"href":"https:\/\/www.ssccalameda.cl\/portal\/wp-json\/wp\/v2\/tags?post=10981"}],"curies":[{"name":"wp","href":"https:\/\/api.w.org\/{rel}","templated":true}]}}