{"id":10989,"date":"2022-10-27T18:46:55","date_gmt":"2022-10-27T21:46:55","guid":{"rendered":"http:\/\/www.ssccalameda.cl\/portal\/?p=10989"},"modified":"2022-10-27T18:46:57","modified_gmt":"2022-10-27T21:46:57","slug":"informamos-la-dolorosa-partida-de-nuestra-estudiante","status":"publish","type":"post","link":"https:\/\/www.ssccalameda.cl\/portal\/informamos-la-dolorosa-partida-de-nuestra-estudiante\/","title":{"rendered":"Informamos la dolorosa partida de nuestra estudiante"},"content":{"rendered":"\n<p>Querida comunidad:<\/p>\n\n\n\n<p>Con profundo pesar comunicamos el fallecimiento de nuestra estudiante, compa\u00f1era y amiga, Sof\u00eda Isadora Lizana Carrasco.<\/p>\n\n\n\n<p>Unidos en la fe de la promesa de la Resurrecci\u00f3n y en la certeza de que ya est\u00e1 en los brazos del Padre Dios, rogamos a los Sagrados Corazones que nos acompa\u00f1en en el dolor y que sus seres queridos encuentren consuelo.<\/p>\n\n\n\n<p>Por lo anterior, ma\u00f1ana viernes 28 de octubre se suspenden las clases.<\/p>\n\n\n\n<p>Informaremos oportunamente, a trav\u00e9s de este medio, el horario de apertura de la capilla para su despedida en comunidad.<\/p>\n\n\n\n<figure class=\"wp-block-image size-medium\"><img loading=\"lazy\" decoding=\"async\" width=\"300\" height=\"300\" src=\"http:\/\/www.ssccalameda.cl\/portal\/wp-content\/uploads\/2022\/10\/Condolencias-300x300.png\" alt=\"\" class=\"wp-image-10990\" srcset=\"https:\/\/www.ssccalameda.cl\/portal\/wp-content\/uploads\/2022\/10\/Condolencias-300x300.png 300w, https:\/\/www.ssccalameda.cl\/portal\/wp-content\/uploads\/2022\/10\/Condolencias-1024x1024.png 1024w, https:\/\/www.ssccalameda.cl\/portal\/wp-content\/uploads\/2022\/10\/Condolencias-150x150.png 150w, https:\/\/www.ssccalameda.cl\/portal\/wp-content\/uploads\/2022\/10\/Condolencias-768x768.png 768w, https:\/\/www.ssccalameda.cl\/portal\/wp-content\/uploads\/2022\/10\/Condolencias-1536x1536.png 1536w, https:\/\/www.ssccalameda.cl\/portal\/wp-content\/uploads\/2022\/10\/Condolencias.png 1654w\" sizes=\"(max-width: 300px) 100vw, 300px\" \/><\/figure>\n\n\n\n<div class=\"wp-block-file\"><a href=\"http:\/\/www.ssccalameda.cl\/portal\/wp-content\/uploads\/2022\/10\/21102022_COM_fllcmto.pdf\">21102022<\/a><a href=\"http:\/\/www.ssccalameda.cl\/portal\/wp-content\/uploads\/2022\/10\/21102022_COM_fllcmto.pdf\" class=\"wp-block-file__button\" download><span class=\"has-inline-color has-white-color\">Descargar<\/span><\/a><\/div>\n","protected":false},"excerpt":{"rendered":"<p>Querida comunidad: Con profundo pesar comunicamos el fallecimiento de nuestra estudiante, compa\u00f1era y amiga, Sof\u00eda Isadora Lizana Carrasco. Unidos en la fe de la promesa de la Resurrecci\u00f3n y en la certeza de que ya est\u00e1 en los brazos del Padre Dios, rogamos a los Sagrados Corazones que nos acompa\u00f1en en el dolor y que &hellip;<\/p>\n","protected":false},"author":4,"featured_media":10992,"comment_status":"closed","ping_status":"closed","sticky":false,"template":"","format":"standard","meta":{"footnotes":""},"categories":[41],"tags":[],"_links":{"self":[{"href":"https:\/\/www.ssccalameda.cl\/portal\/wp-json\/wp\/v2\/posts\/10989"}],"collection":[{"href":"https:\/\/www.ssccalameda.cl\/portal\/wp-json\/wp\/v2\/posts"}],"about":[{"href":"https:\/\/www.ssccalameda.cl\/portal\/wp-json\/wp\/v2\/types\/post"}],"author":[{"embeddable":true,"href":"https:\/\/www.ssccalameda.cl\/portal\/wp-json\/wp\/v2\/users\/4"}],"replies":[{"embeddable":true,"href":"https:\/\/www.ssccalameda.cl\/portal\/wp-json\/wp\/v2\/comments?post=10989"}],"version-history":[{"count":1,"href":"https:\/\/www.ssccalameda.cl\/portal\/wp-json\/wp\/v2\/posts\/10989\/revisions"}],"predecessor-version":[{"id":10993,"href":"https:\/\/www.ssccalameda.cl\/portal\/wp-json\/wp\/v2\/posts\/10989\/revisions\/10993"}],"wp:featuredmedia":[{"embeddable":true,"href":"https:\/\/www.ssccalameda.cl\/portal\/wp-json\/wp\/v2\/media\/10992"}],"wp:attachment":[{"href":"https:\/\/www.ssccalameda.cl\/portal\/wp-json\/wp\/v2\/media?parent=10989"}],"wp:term":[{"taxonomy":"category","embeddable":true,"href":"https:\/\/www.ssccalameda.cl\/portal\/wp-json\/wp\/v2\/categories?post=10989"},{"taxonomy":"post_tag","embeddable":true,"href":"https:\/\/www.ssccalameda.cl\/portal\/wp-json\/wp\/v2\/tags?post=10989"}],"curies":[{"name":"wp","href":"https:\/\/api.w.org\/{rel}","templated":true}]}}