{"id":10998,"date":"2022-10-28T15:20:24","date_gmt":"2022-10-28T18:20:24","guid":{"rendered":"http:\/\/www.ssccalameda.cl\/portal\/?p=10998"},"modified":"2022-10-28T15:20:25","modified_gmt":"2022-10-28T18:20:25","slug":"oracion-comunitaria-liturgia-y-misa-por-el-eterno-descanso-de-sofia","status":"publish","type":"post","link":"https:\/\/www.ssccalameda.cl\/portal\/oracion-comunitaria-liturgia-y-misa-por-el-eterno-descanso-de-sofia\/","title":{"rendered":"Oraci\u00f3n comunitaria, liturgia y misa por el eterno descanso de Sof\u00eda"},"content":{"rendered":"\n<p>Estimada comunidad:<\/p>\n\n\n\n<p>Con mucho cari\u00f1o, les saludamos y les informamos que nos acaban de confirmar que Sof\u00eda viene en camino. Les invitamos a una oraci\u00f3n comunitaria que se realizar\u00e1 a su llegada y a una <strong>liturgia<\/strong> que tendr\u00e1 lugar <strong>hoy a las 19:00 horas<\/strong> en el templo del colegio.<\/p>\n\n\n\n<p>La misa para pedir por el eterno descanso de su alma, se realizar\u00e1 el <strong>s\u00e1bado 29 de octubre a las 10:00 horas<\/strong> y ser\u00e1 presidida por el padre Andr\u00e9s Moro Vargas.<\/p>\n\n\n\n<p>Unidos en oraci\u00f3n, nos despedimos y encomendamos a Sof\u00eda, a su familia y a toda nuestra comunidad, a los Sagrados Corazones de Jes\u00fas y de Mar\u00eda.<\/p>\n\n\n\n<p class=\"has-text-align-center\"><strong>La Direcci\u00f3n<\/strong><\/p>\n\n\n\n<div class=\"wp-block-file\"><a href=\"http:\/\/www.ssccalameda.cl\/portal\/wp-content\/uploads\/2022\/10\/28102022_COM_responso.pdf\">28102022_<\/a><a href=\"http:\/\/www.ssccalameda.cl\/portal\/wp-content\/uploads\/2022\/10\/28102022_COM_responso.pdf\" class=\"wp-block-file__button\" download><span class=\"has-inline-color has-white-color\">Descargar<\/span><\/a><\/div>\n","protected":false},"excerpt":{"rendered":"<p>Estimada comunidad: Con mucho cari\u00f1o, les saludamos y les informamos que nos acaban de confirmar que Sof\u00eda viene en camino. Les invitamos a una oraci\u00f3n comunitaria que se realizar\u00e1 a su llegada y a una liturgia que tendr\u00e1 lugar hoy a las 19:00 horas en el templo del colegio. La misa para pedir por el &hellip;<\/p>\n","protected":false},"author":4,"featured_media":11000,"comment_status":"closed","ping_status":"closed","sticky":false,"template":"","format":"standard","meta":{"footnotes":""},"categories":[41],"tags":[],"_links":{"self":[{"href":"https:\/\/www.ssccalameda.cl\/portal\/wp-json\/wp\/v2\/posts\/10998"}],"collection":[{"href":"https:\/\/www.ssccalameda.cl\/portal\/wp-json\/wp\/v2\/posts"}],"about":[{"href":"https:\/\/www.ssccalameda.cl\/portal\/wp-json\/wp\/v2\/types\/post"}],"author":[{"embeddable":true,"href":"https:\/\/www.ssccalameda.cl\/portal\/wp-json\/wp\/v2\/users\/4"}],"replies":[{"embeddable":true,"href":"https:\/\/www.ssccalameda.cl\/portal\/wp-json\/wp\/v2\/comments?post=10998"}],"version-history":[{"count":1,"href":"https:\/\/www.ssccalameda.cl\/portal\/wp-json\/wp\/v2\/posts\/10998\/revisions"}],"predecessor-version":[{"id":11001,"href":"https:\/\/www.ssccalameda.cl\/portal\/wp-json\/wp\/v2\/posts\/10998\/revisions\/11001"}],"wp:featuredmedia":[{"embeddable":true,"href":"https:\/\/www.ssccalameda.cl\/portal\/wp-json\/wp\/v2\/media\/11000"}],"wp:attachment":[{"href":"https:\/\/www.ssccalameda.cl\/portal\/wp-json\/wp\/v2\/media?parent=10998"}],"wp:term":[{"taxonomy":"category","embeddable":true,"href":"https:\/\/www.ssccalameda.cl\/portal\/wp-json\/wp\/v2\/categories?post=10998"},{"taxonomy":"post_tag","embeddable":true,"href":"https:\/\/www.ssccalameda.cl\/portal\/wp-json\/wp\/v2\/tags?post=10998"}],"curies":[{"name":"wp","href":"https:\/\/api.w.org\/{rel}","templated":true}]}}