{"id":11235,"date":"2022-11-27T18:36:33","date_gmt":"2022-11-27T21:36:33","guid":{"rendered":"http:\/\/www.ssccalameda.cl\/portal\/?p=11235"},"modified":"2022-11-27T18:37:11","modified_gmt":"2022-11-27T21:37:11","slug":"elecciones-caa-2","status":"publish","type":"post","link":"https:\/\/www.ssccalameda.cl\/portal\/elecciones-caa-2\/","title":{"rendered":"Elecciones CAA"},"content":{"rendered":"\n<p><br>Estimada comunidad:<\/p>\n\n\n\n<p>Los\/as saludo a todas con el fin de informar los resultados de la jornada de elecciones del viernes pasado. En primer lugar, agradecer a todos\/as por haber facilitado tiempo de sus horas de clases para permitir que los\/as estudiantes pudieran concurrir a votar, a los inspectores por ayudarnos con el traslado de estudiantes al arca, a los auxiliares y funcionarios que contribuyeron a que esta jornada se realizara en orden y proporcionar los materiales necesarios para su realizaci\u00f3n.&nbsp;<\/p>\n\n\n\n<p>La mesa se constituy\u00f3 a las 8:45 hrs. cerr\u00e1ndose a las 13:56 hrs. habiendo votado la totalidad de los cursos que conforman y conformar\u00e1n el Ciclo Mayor. Los\/as estudiantes de I\u00ba C que est\u00e1n en gira, votaron online entre las 10:00 hrs. &nbsp;y las 16:00 hrs.&nbsp;<\/p>\n\n\n\n<p>En relaci\u00f3n a los votos:<\/p>\n\n\n\n<ul><li>637 votos fueron v\u00e1lidamente emitidos<\/li><li>2 votos fueron blancos<\/li><li>26 votos fueron nulos<\/li><\/ul>\n\n\n\n<p>La lista 1 \u00abRe\u00fane\u00bb, obtuvo un total de 276 votos.<\/p>\n\n\n\n<p>La lista 2 \u00abConecta\u00bb, obtuvo 361 votos.<\/p>\n\n\n\n<p>De acuerdo a estos resultados, el CAA 2023 estar\u00e1 conformado por&nbsp;<\/p>\n\n\n\n<ul><li>Dominga G\u00f3mez del III\u00baB &nbsp;en la Presidencia<\/li><li>Mart\u00edn Ruminot del III\u00baD, como Vice- Presidente<\/li><li>Francisca Vidal del III\u00ba C, en Secretar\u00eda y G\u00e9nero<\/li><li>Emilia Ram\u00edrez, III\u00baB, en Tesorer\u00eda<\/li><li>Alejandra Calder\u00f3n del II\u00baB, como Delegada Acad\u00e9mica<\/li><li>Felipe Quiroga del I\u00baD, como Delegado de Pastoral<\/li><li>Magdalena Pacha del 8\u00baA, como Delegada de Convivencia y Comunicaciones<\/li><li>Dami\u00e1n Coredero del II\u00baB, como Delegado Cultural&nbsp;<\/li><li>Bruno Lucianini, del II\u00baB, como Delegado de Deportes.&nbsp;<\/li><\/ul>\n\n\n\n<p>Felicitamos a ambas listas, quienes apostaron por un proyecto colectivo capaz de representar los intereses del estamento estudiantil.&nbsp;<\/p>\n\n\n\n<p>As\u00ed tambi\u00e9n a cada uno de los cursos que participaron con entusiasmo, siendo esta experiencia, para algunos, la primera que los\/las acerca a la vida democr\u00e1tica a trav\u00e9s de la participaci\u00f3n.&nbsp;<\/p>\n\n\n\n<p>Nuestros agradecimientos a todos\/as.&nbsp;Atentamente,<\/p>\n\n\n\n<p class=\"has-text-align-center\">Mar\u00eda Paz San Mart\u00edn Godoy<\/p>\n\n\n\n<p class=\"has-text-align-center\">Asesora CAA<\/p>\n\n\n\n<figure class=\"wp-block-image size-large\"><img loading=\"lazy\" decoding=\"async\" width=\"1024\" height=\"1024\" src=\"http:\/\/www.ssccalameda.cl\/portal\/wp-content\/uploads\/2022\/11\/WhatsApp-Image-2022-11-27-at-17.59.13-1024x1024.jpeg\" alt=\"\" class=\"wp-image-11225\" srcset=\"https:\/\/www.ssccalameda.cl\/portal\/wp-content\/uploads\/2022\/11\/WhatsApp-Image-2022-11-27-at-17.59.13-1024x1024.jpeg 1024w, https:\/\/www.ssccalameda.cl\/portal\/wp-content\/uploads\/2022\/11\/WhatsApp-Image-2022-11-27-at-17.59.13-300x300.jpeg 300w, https:\/\/www.ssccalameda.cl\/portal\/wp-content\/uploads\/2022\/11\/WhatsApp-Image-2022-11-27-at-17.59.13-150x150.jpeg 150w, https:\/\/www.ssccalameda.cl\/portal\/wp-content\/uploads\/2022\/11\/WhatsApp-Image-2022-11-27-at-17.59.13-768x768.jpeg 768w, https:\/\/www.ssccalameda.cl\/portal\/wp-content\/uploads\/2022\/11\/WhatsApp-Image-2022-11-27-at-17.59.13.jpeg 1080w\" sizes=\"(max-width: 1024px) 100vw, 1024px\" \/><\/figure>\n","protected":false},"excerpt":{"rendered":"<p>Estimada comunidad: Los\/as saludo a todas con el fin de informar los resultados de la jornada de elecciones del viernes pasado. En primer lugar, agradecer a todos\/as por haber facilitado tiempo de sus horas de clases para permitir que los\/as estudiantes pudieran concurrir a votar, a los inspectores por ayudarnos con el traslado de estudiantes &hellip;<\/p>\n","protected":false},"author":4,"featured_media":11225,"comment_status":"closed","ping_status":"closed","sticky":false,"template":"","format":"standard","meta":{"footnotes":""},"categories":[40],"tags":[],"_links":{"self":[{"href":"https:\/\/www.ssccalameda.cl\/portal\/wp-json\/wp\/v2\/posts\/11235"}],"collection":[{"href":"https:\/\/www.ssccalameda.cl\/portal\/wp-json\/wp\/v2\/posts"}],"about":[{"href":"https:\/\/www.ssccalameda.cl\/portal\/wp-json\/wp\/v2\/types\/post"}],"author":[{"embeddable":true,"href":"https:\/\/www.ssccalameda.cl\/portal\/wp-json\/wp\/v2\/users\/4"}],"replies":[{"embeddable":true,"href":"https:\/\/www.ssccalameda.cl\/portal\/wp-json\/wp\/v2\/comments?post=11235"}],"version-history":[{"count":1,"href":"https:\/\/www.ssccalameda.cl\/portal\/wp-json\/wp\/v2\/posts\/11235\/revisions"}],"predecessor-version":[{"id":11237,"href":"https:\/\/www.ssccalameda.cl\/portal\/wp-json\/wp\/v2\/posts\/11235\/revisions\/11237"}],"wp:featuredmedia":[{"embeddable":true,"href":"https:\/\/www.ssccalameda.cl\/portal\/wp-json\/wp\/v2\/media\/11225"}],"wp:attachment":[{"href":"https:\/\/www.ssccalameda.cl\/portal\/wp-json\/wp\/v2\/media?parent=11235"}],"wp:term":[{"taxonomy":"category","embeddable":true,"href":"https:\/\/www.ssccalameda.cl\/portal\/wp-json\/wp\/v2\/categories?post=11235"},{"taxonomy":"post_tag","embeddable":true,"href":"https:\/\/www.ssccalameda.cl\/portal\/wp-json\/wp\/v2\/tags?post=11235"}],"curies":[{"name":"wp","href":"https:\/\/api.w.org\/{rel}","templated":true}]}}