{"id":11298,"date":"2022-12-01T07:25:00","date_gmt":"2022-12-01T10:25:00","guid":{"rendered":"http:\/\/www.ssccalameda.cl\/portal\/?p=11298"},"modified":"2022-11-30T16:33:19","modified_gmt":"2022-11-30T19:33:19","slug":"mes-de-maria-comunitario","status":"publish","type":"post","link":"https:\/\/www.ssccalameda.cl\/portal\/mes-de-maria-comunitario\/","title":{"rendered":"Mes de Mar\u00eda comunitario"},"content":{"rendered":"\n<p>Este viernes 2 de diciembre a las 8:10, en la oraci\u00f3n de la ma\u00f1ana, celebraremos en el patio del colegio el \u00faltimo Mes de Mar\u00eda que esta vez estar\u00e1 a cargo del Equipo Directivo.<\/p>\n\n\n\n<p>Recordemos que los viernes anteriores reflexionamos en torno a la Anunciaci\u00f3n con el Ciclo Inicial; la visita de Mar\u00eda a su prima Isabel, con el Ciclo Menor, y el nacimiento de Jes\u00fas con el Ciclo Mayor. <\/p>\n\n\n\n<p>\u00a1Los esperamos junto al Equipo Directivo!<\/p>\n\n\n\n<figure class=\"wp-block-gallery columns-1 is-cropped wp-block-gallery-1 is-layout-flex wp-block-gallery-is-layout-flex\"><ul class=\"blocks-gallery-grid\"><li class=\"blocks-gallery-item\"><figure><img loading=\"lazy\" decoding=\"async\" width=\"715\" height=\"572\" src=\"http:\/\/www.ssccalameda.cl\/portal\/wp-content\/uploads\/2022\/11\/05c7b1f9-a575-4ade-af38-d67bb7c45443.jpg\" alt=\"\" data-id=\"11299\" data-full-url=\"http:\/\/www.ssccalameda.cl\/portal\/wp-content\/uploads\/2022\/11\/05c7b1f9-a575-4ade-af38-d67bb7c45443.jpg\" data-link=\"http:\/\/www.ssccalameda.cl\/portal\/?attachment_id=11299\" class=\"wp-image-11299\" srcset=\"https:\/\/www.ssccalameda.cl\/portal\/wp-content\/uploads\/2022\/11\/05c7b1f9-a575-4ade-af38-d67bb7c45443.jpg 715w, https:\/\/www.ssccalameda.cl\/portal\/wp-content\/uploads\/2022\/11\/05c7b1f9-a575-4ade-af38-d67bb7c45443-300x240.jpg 300w\" sizes=\"(max-width: 715px) 100vw, 715px\" \/><\/figure><\/li><li class=\"blocks-gallery-item\"><figure><img loading=\"lazy\" decoding=\"async\" width=\"1024\" height=\"768\" src=\"http:\/\/www.ssccalameda.cl\/portal\/wp-content\/uploads\/2022\/11\/34c43a10-aa3f-4008-bd5b-024f297bf7d8-1024x768.jpg\" alt=\"\" data-id=\"11300\" data-full-url=\"http:\/\/www.ssccalameda.cl\/portal\/wp-content\/uploads\/2022\/11\/34c43a10-aa3f-4008-bd5b-024f297bf7d8.jpg\" data-link=\"http:\/\/www.ssccalameda.cl\/portal\/?attachment_id=11300\" class=\"wp-image-11300\" srcset=\"https:\/\/www.ssccalameda.cl\/portal\/wp-content\/uploads\/2022\/11\/34c43a10-aa3f-4008-bd5b-024f297bf7d8-1024x768.jpg 1024w, https:\/\/www.ssccalameda.cl\/portal\/wp-content\/uploads\/2022\/11\/34c43a10-aa3f-4008-bd5b-024f297bf7d8-300x225.jpg 300w, https:\/\/www.ssccalameda.cl\/portal\/wp-content\/uploads\/2022\/11\/34c43a10-aa3f-4008-bd5b-024f297bf7d8-768x576.jpg 768w, https:\/\/www.ssccalameda.cl\/portal\/wp-content\/uploads\/2022\/11\/34c43a10-aa3f-4008-bd5b-024f297bf7d8-1536x1152.jpg 1536w, https:\/\/www.ssccalameda.cl\/portal\/wp-content\/uploads\/2022\/11\/34c43a10-aa3f-4008-bd5b-024f297bf7d8.jpg 1600w\" sizes=\"(max-width: 1024px) 100vw, 1024px\" \/><\/figure><\/li><li class=\"blocks-gallery-item\"><figure><img loading=\"lazy\" decoding=\"async\" width=\"1024\" height=\"768\" src=\"http:\/\/www.ssccalameda.cl\/portal\/wp-content\/uploads\/2022\/11\/b43d94e6-b052-4383-9fb2-202d9781345b-1024x768.jpg\" alt=\"\" data-id=\"11301\" data-full-url=\"http:\/\/www.ssccalameda.cl\/portal\/wp-content\/uploads\/2022\/11\/b43d94e6-b052-4383-9fb2-202d9781345b.jpg\" data-link=\"http:\/\/www.ssccalameda.cl\/portal\/?attachment_id=11301\" class=\"wp-image-11301\" srcset=\"https:\/\/www.ssccalameda.cl\/portal\/wp-content\/uploads\/2022\/11\/b43d94e6-b052-4383-9fb2-202d9781345b-1024x768.jpg 1024w, https:\/\/www.ssccalameda.cl\/portal\/wp-content\/uploads\/2022\/11\/b43d94e6-b052-4383-9fb2-202d9781345b-300x225.jpg 300w, https:\/\/www.ssccalameda.cl\/portal\/wp-content\/uploads\/2022\/11\/b43d94e6-b052-4383-9fb2-202d9781345b-768x576.jpg 768w, https:\/\/www.ssccalameda.cl\/portal\/wp-content\/uploads\/2022\/11\/b43d94e6-b052-4383-9fb2-202d9781345b.jpg 1280w\" sizes=\"(max-width: 1024px) 100vw, 1024px\" \/><\/figure><\/li><\/ul><\/figure>\n","protected":false},"excerpt":{"rendered":"<p>Este viernes 2 de diciembre a las 8:10, en la oraci\u00f3n de la ma\u00f1ana, celebraremos en el patio del colegio el \u00faltimo Mes de Mar\u00eda que esta vez estar\u00e1 a cargo del Equipo Directivo. Recordemos que los viernes anteriores reflexionamos en torno a la Anunciaci\u00f3n con el Ciclo Inicial; la visita de Mar\u00eda a su &hellip;<\/p>\n","protected":false},"author":4,"featured_media":11301,"comment_status":"closed","ping_status":"closed","sticky":false,"template":"","format":"standard","meta":{"footnotes":""},"categories":[40],"tags":[],"_links":{"self":[{"href":"https:\/\/www.ssccalameda.cl\/portal\/wp-json\/wp\/v2\/posts\/11298"}],"collection":[{"href":"https:\/\/www.ssccalameda.cl\/portal\/wp-json\/wp\/v2\/posts"}],"about":[{"href":"https:\/\/www.ssccalameda.cl\/portal\/wp-json\/wp\/v2\/types\/post"}],"author":[{"embeddable":true,"href":"https:\/\/www.ssccalameda.cl\/portal\/wp-json\/wp\/v2\/users\/4"}],"replies":[{"embeddable":true,"href":"https:\/\/www.ssccalameda.cl\/portal\/wp-json\/wp\/v2\/comments?post=11298"}],"version-history":[{"count":1,"href":"https:\/\/www.ssccalameda.cl\/portal\/wp-json\/wp\/v2\/posts\/11298\/revisions"}],"predecessor-version":[{"id":11302,"href":"https:\/\/www.ssccalameda.cl\/portal\/wp-json\/wp\/v2\/posts\/11298\/revisions\/11302"}],"wp:featuredmedia":[{"embeddable":true,"href":"https:\/\/www.ssccalameda.cl\/portal\/wp-json\/wp\/v2\/media\/11301"}],"wp:attachment":[{"href":"https:\/\/www.ssccalameda.cl\/portal\/wp-json\/wp\/v2\/media?parent=11298"}],"wp:term":[{"taxonomy":"category","embeddable":true,"href":"https:\/\/www.ssccalameda.cl\/portal\/wp-json\/wp\/v2\/categories?post=11298"},{"taxonomy":"post_tag","embeddable":true,"href":"https:\/\/www.ssccalameda.cl\/portal\/wp-json\/wp\/v2\/tags?post=11298"}],"curies":[{"name":"wp","href":"https:\/\/api.w.org\/{rel}","templated":true}]}}