{"id":12002,"date":"2023-01-09T16:09:21","date_gmt":"2023-01-09T19:09:21","guid":{"rendered":"http:\/\/www.ssccalameda.cl\/portal\/?p=12002"},"modified":"2023-01-10T10:16:59","modified_gmt":"2023-01-10T13:16:59","slug":"jefaturas-2023","status":"publish","type":"post","link":"https:\/\/www.ssccalameda.cl\/portal\/jefaturas-2023\/","title":{"rendered":"Jefaturas 2023"},"content":{"rendered":"\n<p>CICLO INICIAL:<\/p>\n\n\n\n<figure class=\"wp-block-table\"><table><tbody><tr><td><strong>Curso<\/strong><\/td><td><strong>Profesor(a)<\/strong><\/td><\/tr><tr><td>PKA<\/td><td>Daniela Plaza Villarroel<\/td><\/tr><tr><td>PKB<\/td><td>Pilar N\u00fa\u00f1ez Sep\u00falveda<\/td><\/tr><tr><td>KA<\/td><td>Loreto Mansilla Alvarado (Silvana Maldonado V. &#8211; postnatal)<\/td><\/tr><tr><td>KB<\/td><td>Pilar Guti\u00e9rrez Rendich<\/td><\/tr><tr><td>KC<\/td><td>M. Soledad Moreno Rumin\u00f3<\/td><\/tr><tr><td>KD<\/td><td>Cynthia Rivera Saldias<\/td><\/tr><tr><td>1\u00b0A<\/td><td>Mar\u00eda Luisa Court Garcia<\/td><\/tr><tr><td>1\u00b0B<\/td><td>Magaly M\u00e9ndez Parodi<\/td><\/tr><tr><td>1\u00b0C<\/td><td>Paula Becerra Padilla<\/td><\/tr><tr><td>1\u00b0D<\/td><td>Mar\u00eda Eugenia Montes<\/td><\/tr><tr><td>2\u00b0A<\/td><td>Paulina Ceballos Figueroa<\/td><\/tr><tr><td>2\u00b0B<\/td><td>Iv\u00e1n Soto Castro<\/td><\/tr><tr><td>2\u00b0C<\/td><td>M. Victoria Aleuanlli M\u00fcller<\/td><\/tr><tr><td>2\u00b0D<\/td><td>J\u00e9ssica Pavez Reyes<\/td><\/tr><\/tbody><\/table><\/figure>\n\n\n\n<p><\/p>\n\n\n\n<p>CICLO MENOR:<\/p>\n\n\n\n<p><\/p>\n\n\n\n<figure class=\"wp-block-table\"><table><tbody><tr><td><strong>Curso<\/strong><\/td><td><strong>Profesor(a)<\/strong><\/td><\/tr><tr><td>3\u00b0 A<\/td><td>Orieta Villagra<\/td><\/tr><tr><td>3\u00b0 B<\/td><td>Sof\u00eda Zuleta<\/td><\/tr><tr><td>3\u00b0 C<\/td><td>Paulina Herrera<\/td><\/tr><tr><td>3 D<\/td><td>Cecilia Mu\u00f1oz<\/td><\/tr><tr><td>4\u00b0 A<\/td><td>Javiera Arenas<\/td><\/tr><tr><td>4\u00b0 B<\/td><td>Marcia Hern\u00e1ndez<\/td><\/tr><tr><td>4\u00b0 C<\/td><td>Ivonne Ar\u00e9valo<\/td><\/tr><tr><td>4\u00b0 D<\/td><td>Paula Alc\u00e1ntara<\/td><\/tr><tr><td>5\u00b0 A<\/td><td>Mar\u00eda Jos\u00e9 Vargas<\/td><\/tr><tr><td>5\u00b0 B<\/td><td>Ver\u00f3nica Becerra<\/td><\/tr><tr><td>5\u00b0 C<\/td><td>Francisca Silva<\/td><\/tr><tr><td>5\u00b0 D<\/td><td>Daniela Leal<\/td><\/tr><tr><td>6\u00b0 A<\/td><td>Roberto Orellana<\/td><\/tr><tr><td>6\u00b0 B<\/td><td>Gabriela Altamirano<\/td><\/tr><tr><td>6\u00b0 C<\/td><td>Francis Anguita<\/td><\/tr><tr><td>6\u00b0 D<\/td><td>Ver\u00f3nica Raquiman<\/td><\/tr><\/tbody><\/table><\/figure>\n\n\n\n<p>CICLO MAYOR:<\/p>\n\n\n\n<figure class=\"wp-block-table\"><table><tbody><tr><td><strong>Curso<\/strong><strong><\/strong><\/td><td><strong>Profesor(a)<\/strong><\/td><\/tr><tr><td>7\u00b0A<\/td><td>Elena&nbsp;Olmedo<\/td><\/tr><tr><td>7\u00b0B<\/td><td>Carolina Campos<\/td><\/tr><tr><td>7\u00b0C<\/td><td>Pablo&nbsp;Beltr\u00e1n<\/td><\/tr><tr><td>7\u00b0D<\/td><td>Francisco&nbsp;Ram\u00edrez<\/td><\/tr><tr><td>8\u00b0A<\/td><td>Beatriz Salazar<\/td><\/tr><tr><td>8\u00b0B<\/td><td>Monik&nbsp;do Prado<\/td><\/tr><tr><td>8\u00b0C<\/td><td>Jaime G\u00f3mez<\/td><\/tr><tr><td>8\u00b0D<\/td><td>Ver\u00f3nica&nbsp;Guajardo<\/td><\/tr><tr><td>I\u00b0A<\/td><td>Marisol&nbsp;Leyton<\/td><\/tr><tr><td>I\u00b0B<\/td><td>Sandra&nbsp;L\u00f3pez<\/td><\/tr><tr><td>I\u00b0C<\/td><td>Karem&nbsp;Sep\u00falveda<\/td><\/tr><tr><td>I\u00b0D<\/td><td>Carlos&nbsp;V\u00e1squez<\/td><\/tr><tr><td>II\u00b0A<\/td><td>Mar\u00eda Teresa Ram\u00edrez<\/td><\/tr><tr><td>II\u00b0B<\/td><td>Francisco Gonz\u00e1lez<\/td><\/tr><tr><td>II\u00b0C<\/td><td>Sandra Palma<\/td><\/tr><tr><td>II\u00b0D<\/td><td>Rosa Galleguillos<\/td><\/tr><tr><td>III\u00b0A<\/td><td>Nicol\u00e1s&nbsp;Castro<\/td><\/tr><tr><td>III\u00b0B<\/td><td>Gabriela \u00c1lvarez<\/td><\/tr><tr><td>III\u00b0C<\/td><td>Mar\u00eda Paz San Mart\u00edn<\/td><\/tr><tr><td>III\u00b0D<\/td><td>Loreto Aguilar<\/td><\/tr><tr><td>IV\u00b0A<\/td><td>Sergio Contador<\/td><\/tr><tr><td>IV\u00b0B<\/td><td>Jaime&nbsp;Olate<\/td><\/tr><tr><td>IV\u00b0C<\/td><td>Katherine Paul<\/td><\/tr><tr><td>IV\u00b0D<\/td><td>Andrea&nbsp;Vild\u00f3sola<\/td><\/tr><\/tbody><\/table><\/figure>\n","protected":false},"excerpt":{"rendered":"<p>CICLO INICIAL: CursoProfesor(a)PKADaniela Plaza VillarroelPKBPilar N\u00fa\u00f1ez Sep\u00falvedaKALoreto Mansilla Alvarado (Silvana Maldonado V. &#8211; postnatal)KBPilar Guti\u00e9rrez RendichKCM. Soledad Moreno Rumin\u00f3KDCynthia Rivera Saldias1\u00b0AMar\u00eda Luisa Court Garcia1\u00b0BMagaly M\u00e9ndez Parodi1\u00b0CPaula Becerra Padilla1\u00b0DMar\u00eda Eugenia Montes2\u00b0APaulina Ceballos Figueroa2\u00b0BIv\u00e1n Soto Castro2\u00b0CM. Victoria Aleuanlli M\u00fcller2\u00b0DJ\u00e9ssica Pavez Reyes CICLO MENOR: CursoProfesor(a)3\u00b0 AOrieta Villagra3\u00b0 BSof\u00eda Zuleta3\u00b0 CPaulina Herrera3 DCecilia Mu\u00f1oz4\u00b0 AJaviera Arenas4\u00b0 BMarcia Hern\u00e1ndez4\u00b0 CIvonne &hellip;<\/p>\n","protected":false},"author":5,"featured_media":12011,"comment_status":"closed","ping_status":"closed","sticky":false,"template":"","format":"standard","meta":{"footnotes":""},"categories":[40],"tags":[],"_links":{"self":[{"href":"https:\/\/www.ssccalameda.cl\/portal\/wp-json\/wp\/v2\/posts\/12002"}],"collection":[{"href":"https:\/\/www.ssccalameda.cl\/portal\/wp-json\/wp\/v2\/posts"}],"about":[{"href":"https:\/\/www.ssccalameda.cl\/portal\/wp-json\/wp\/v2\/types\/post"}],"author":[{"embeddable":true,"href":"https:\/\/www.ssccalameda.cl\/portal\/wp-json\/wp\/v2\/users\/5"}],"replies":[{"embeddable":true,"href":"https:\/\/www.ssccalameda.cl\/portal\/wp-json\/wp\/v2\/comments?post=12002"}],"version-history":[{"count":1,"href":"https:\/\/www.ssccalameda.cl\/portal\/wp-json\/wp\/v2\/posts\/12002\/revisions"}],"predecessor-version":[{"id":12014,"href":"https:\/\/www.ssccalameda.cl\/portal\/wp-json\/wp\/v2\/posts\/12002\/revisions\/12014"}],"wp:featuredmedia":[{"embeddable":true,"href":"https:\/\/www.ssccalameda.cl\/portal\/wp-json\/wp\/v2\/media\/12011"}],"wp:attachment":[{"href":"https:\/\/www.ssccalameda.cl\/portal\/wp-json\/wp\/v2\/media?parent=12002"}],"wp:term":[{"taxonomy":"category","embeddable":true,"href":"https:\/\/www.ssccalameda.cl\/portal\/wp-json\/wp\/v2\/categories?post=12002"},{"taxonomy":"post_tag","embeddable":true,"href":"https:\/\/www.ssccalameda.cl\/portal\/wp-json\/wp\/v2\/tags?post=12002"}],"curies":[{"name":"wp","href":"https:\/\/api.w.org\/{rel}","templated":true}]}}