{"id":12064,"date":"2023-02-24T21:16:58","date_gmt":"2023-02-25T00:16:58","guid":{"rendered":"http:\/\/www.ssccalameda.cl\/portal\/?p=12064"},"modified":"2023-02-24T21:17:23","modified_gmt":"2023-02-25T00:17:23","slug":"invitacion-en-tiempo-de-cuaresma","status":"publish","type":"post","link":"https:\/\/www.ssccalameda.cl\/portal\/invitacion-en-tiempo-de-cuaresma\/","title":{"rendered":"Invitaci\u00f3n en tiempo de Cuaresma"},"content":{"rendered":"\n<p>El mi\u00e9rcoles 22 de febrero iniciamos la Cuaresma. Nuestra Iglesia nos invita a reflexionar y trabajar la empat\u00eda. La\u00a0<em>empat\u00eda<\/em>\u00a0es la capacidad que tiene una persona para ponerse en el lugar de otra. <\/p>\n\n\n\n<p>Llamamos Cuaresma al per\u00edodo de cuarenta d\u00edas (cuadrag\u00e9sima) reservado a la preparaci\u00f3n de la Pascua, y se inicia cada celebraci\u00f3n de Mi\u00e9rcoles de Cenizas. <\/p>\n","protected":false},"excerpt":{"rendered":"<p>El mi\u00e9rcoles 22 de febrero iniciamos la Cuaresma. Nuestra Iglesia nos invita a reflexionar y trabajar la empat\u00eda. La\u00a0empat\u00eda\u00a0es la capacidad que tiene una persona para ponerse en el lugar de otra. Llamamos Cuaresma al per\u00edodo de cuarenta d\u00edas (cuadrag\u00e9sima) reservado a la preparaci\u00f3n de la Pascua, y se inicia cada celebraci\u00f3n de Mi\u00e9rcoles de &hellip;<\/p>\n","protected":false},"author":5,"featured_media":12065,"comment_status":"closed","ping_status":"closed","sticky":false,"template":"","format":"standard","meta":{"footnotes":""},"categories":[40],"tags":[],"_links":{"self":[{"href":"https:\/\/www.ssccalameda.cl\/portal\/wp-json\/wp\/v2\/posts\/12064"}],"collection":[{"href":"https:\/\/www.ssccalameda.cl\/portal\/wp-json\/wp\/v2\/posts"}],"about":[{"href":"https:\/\/www.ssccalameda.cl\/portal\/wp-json\/wp\/v2\/types\/post"}],"author":[{"embeddable":true,"href":"https:\/\/www.ssccalameda.cl\/portal\/wp-json\/wp\/v2\/users\/5"}],"replies":[{"embeddable":true,"href":"https:\/\/www.ssccalameda.cl\/portal\/wp-json\/wp\/v2\/comments?post=12064"}],"version-history":[{"count":1,"href":"https:\/\/www.ssccalameda.cl\/portal\/wp-json\/wp\/v2\/posts\/12064\/revisions"}],"predecessor-version":[{"id":12066,"href":"https:\/\/www.ssccalameda.cl\/portal\/wp-json\/wp\/v2\/posts\/12064\/revisions\/12066"}],"wp:featuredmedia":[{"embeddable":true,"href":"https:\/\/www.ssccalameda.cl\/portal\/wp-json\/wp\/v2\/media\/12065"}],"wp:attachment":[{"href":"https:\/\/www.ssccalameda.cl\/portal\/wp-json\/wp\/v2\/media?parent=12064"}],"wp:term":[{"taxonomy":"category","embeddable":true,"href":"https:\/\/www.ssccalameda.cl\/portal\/wp-json\/wp\/v2\/categories?post=12064"},{"taxonomy":"post_tag","embeddable":true,"href":"https:\/\/www.ssccalameda.cl\/portal\/wp-json\/wp\/v2\/tags?post=12064"}],"curies":[{"name":"wp","href":"https:\/\/api.w.org\/{rel}","templated":true}]}}