{"id":12538,"date":"2023-10-25T10:37:33","date_gmt":"2023-10-25T13:37:33","guid":{"rendered":"http:\/\/www.ssccalameda.cl\/portal\/?p=12538"},"modified":"2023-10-25T10:37:34","modified_gmt":"2023-10-25T13:37:34","slug":"bienvenido-monsenor-fernando-chomali","status":"publish","type":"post","link":"https:\/\/www.ssccalameda.cl\/portal\/bienvenido-monsenor-fernando-chomali\/","title":{"rendered":"Bienvenido Monse\u00f1or Fernando Chomali"},"content":{"rendered":"\n<p>El Papa acept\u00f3 la renuncia del Cardenal Celestino A\u00f3s Braco como pastor arquidiocesano, nombrando como Arzobispo de Santiago a Monse\u00f1or Fernando Chomali Garib, hasta ahora Arzobispo de Concepci\u00f3n.<br>Como comunidad escolar cat\u00f3lica, agradecemos a Monse\u00f1or Celestino A\u00f3s por su dedicaci\u00f3n a su Iglesia, y pedimos a Dios por Monse\u00f1or Fernando Chomal\u00ed, dese\u00e1ndole lo mejor y que los Sagrados Corazones de Jes\u00fas y de Mar\u00eda le acompa\u00f1en siempre. <\/p>\n","protected":false},"excerpt":{"rendered":"<p>El Papa acept\u00f3 la renuncia del Cardenal Celestino A\u00f3s Braco como pastor arquidiocesano, nombrando como Arzobispo de Santiago a Monse\u00f1or Fernando Chomali Garib, hasta ahora Arzobispo de Concepci\u00f3n.Como comunidad escolar cat\u00f3lica, agradecemos a Monse\u00f1or Celestino A\u00f3s por su dedicaci\u00f3n a su Iglesia, y pedimos a Dios por Monse\u00f1or Fernando Chomal\u00ed, dese\u00e1ndole lo mejor y que &hellip;<\/p>\n","protected":false},"author":5,"featured_media":12539,"comment_status":"closed","ping_status":"closed","sticky":false,"template":"","format":"standard","meta":{"footnotes":""},"categories":[40],"tags":[],"_links":{"self":[{"href":"https:\/\/www.ssccalameda.cl\/portal\/wp-json\/wp\/v2\/posts\/12538"}],"collection":[{"href":"https:\/\/www.ssccalameda.cl\/portal\/wp-json\/wp\/v2\/posts"}],"about":[{"href":"https:\/\/www.ssccalameda.cl\/portal\/wp-json\/wp\/v2\/types\/post"}],"author":[{"embeddable":true,"href":"https:\/\/www.ssccalameda.cl\/portal\/wp-json\/wp\/v2\/users\/5"}],"replies":[{"embeddable":true,"href":"https:\/\/www.ssccalameda.cl\/portal\/wp-json\/wp\/v2\/comments?post=12538"}],"version-history":[{"count":1,"href":"https:\/\/www.ssccalameda.cl\/portal\/wp-json\/wp\/v2\/posts\/12538\/revisions"}],"predecessor-version":[{"id":12540,"href":"https:\/\/www.ssccalameda.cl\/portal\/wp-json\/wp\/v2\/posts\/12538\/revisions\/12540"}],"wp:featuredmedia":[{"embeddable":true,"href":"https:\/\/www.ssccalameda.cl\/portal\/wp-json\/wp\/v2\/media\/12539"}],"wp:attachment":[{"href":"https:\/\/www.ssccalameda.cl\/portal\/wp-json\/wp\/v2\/media?parent=12538"}],"wp:term":[{"taxonomy":"category","embeddable":true,"href":"https:\/\/www.ssccalameda.cl\/portal\/wp-json\/wp\/v2\/categories?post=12538"},{"taxonomy":"post_tag","embeddable":true,"href":"https:\/\/www.ssccalameda.cl\/portal\/wp-json\/wp\/v2\/tags?post=12538"}],"curies":[{"name":"wp","href":"https:\/\/api.w.org\/{rel}","templated":true}]}}