{"id":12921,"date":"2024-03-14T16:25:39","date_gmt":"2024-03-14T19:25:39","guid":{"rendered":"https:\/\/www.ssccalameda.cl\/portal\/?p=12921"},"modified":"2024-03-14T17:21:27","modified_gmt":"2024-03-14T20:21:27","slug":"misa-en-la-parcela","status":"publish","type":"post","link":"https:\/\/www.ssccalameda.cl\/portal\/misa-en-la-parcela\/","title":{"rendered":"Misa en la Parcela &#8211; Asociaci\u00f3n de Madres, Padres y Apoderados SSCC"},"content":{"rendered":"\n<p>El domingo 10 de marzo, en la Parcela de la Asociaci\u00f3n de Madres, Padres y Apoderados(as) del Colegio, (Centro Deportivo y Recreativo, San Bernardo), se realiz\u00f3 la primera misa familiar del a\u00f1o.<\/p>\n\n\n\n<p>Esta tradicional invitaci\u00f3n, convoc\u00f3 a todas las familias del colegio, trabajadores y estudiantes. <\/p>\n\n\n\n<p>Representantes de la Comunidad, como Brigadieres y Centro de Alumnos(as) estuvieron presentes. <\/p>\n\n\n\n<p>La misa fue presidida por el Padre Washington Bravo D\u00edaz, Ex capell\u00e1n de nuestro Colegio. <\/p>\n\n\n\n<p><\/p>\n\n\n\n<p>Gracias a la Asociaci\u00f3n por la organizaci\u00f3n y a todos los presentes, seguimos construyendo comunidad.<\/p>\n\n\n\n<p>\u00a1Alabados Sean, los Sagrados Corazones de Jes\u00fas y de Mar\u00eda, por los Siglos de los Siglos, Am\u00e9n!<\/p>\n\n\n\n<figure class=\"wp-block-image size-large is-resized\"><a href=\"https:\/\/www.ssccalameda.cl\/portal\/wp-content\/uploads\/2024\/03\/20240310_113822-scaled.jpg\"><img loading=\"lazy\" decoding=\"async\" width=\"1024\" height=\"461\" src=\"https:\/\/www.ssccalameda.cl\/portal\/wp-content\/uploads\/2024\/03\/20240310_113822-1024x461.jpg\" alt=\"\" class=\"wp-image-12927\" style=\"width:840px;height:auto\" srcset=\"https:\/\/www.ssccalameda.cl\/portal\/wp-content\/uploads\/2024\/03\/20240310_113822-1024x461.jpg 1024w, https:\/\/www.ssccalameda.cl\/portal\/wp-content\/uploads\/2024\/03\/20240310_113822-300x135.jpg 300w, https:\/\/www.ssccalameda.cl\/portal\/wp-content\/uploads\/2024\/03\/20240310_113822-768x346.jpg 768w, https:\/\/www.ssccalameda.cl\/portal\/wp-content\/uploads\/2024\/03\/20240310_113822-1536x691.jpg 1536w, https:\/\/www.ssccalameda.cl\/portal\/wp-content\/uploads\/2024\/03\/20240310_113822-2048x922.jpg 2048w\" sizes=\"(max-width: 1024px) 100vw, 1024px\" \/><\/a><\/figure>\n\n\n\n<figure class=\"wp-block-image size-large\"><a href=\"https:\/\/www.ssccalameda.cl\/portal\/wp-content\/uploads\/2024\/03\/20240310_110425-scaled.jpg\"><img loading=\"lazy\" decoding=\"async\" width=\"1024\" height=\"462\" src=\"https:\/\/www.ssccalameda.cl\/portal\/wp-content\/uploads\/2024\/03\/20240310_110425-1024x462.jpg\" alt=\"\" class=\"wp-image-12928\" srcset=\"https:\/\/www.ssccalameda.cl\/portal\/wp-content\/uploads\/2024\/03\/20240310_110425-1024x462.jpg 1024w, https:\/\/www.ssccalameda.cl\/portal\/wp-content\/uploads\/2024\/03\/20240310_110425-300x135.jpg 300w, https:\/\/www.ssccalameda.cl\/portal\/wp-content\/uploads\/2024\/03\/20240310_110425-768x346.jpg 768w, https:\/\/www.ssccalameda.cl\/portal\/wp-content\/uploads\/2024\/03\/20240310_110425-1536x692.jpg 1536w, https:\/\/www.ssccalameda.cl\/portal\/wp-content\/uploads\/2024\/03\/20240310_110425-2048x923.jpg 2048w\" sizes=\"(max-width: 1024px) 100vw, 1024px\" \/><\/a><\/figure>\n\n\n\n<figure class=\"wp-block-image size-large\"><a href=\"https:\/\/www.ssccalameda.cl\/portal\/wp-content\/uploads\/2024\/03\/20240310_110435-scaled.jpg\"><img loading=\"lazy\" decoding=\"async\" width=\"1024\" height=\"462\" src=\"https:\/\/www.ssccalameda.cl\/portal\/wp-content\/uploads\/2024\/03\/20240310_110435-1024x462.jpg\" alt=\"\" class=\"wp-image-12929\" srcset=\"https:\/\/www.ssccalameda.cl\/portal\/wp-content\/uploads\/2024\/03\/20240310_110435-1024x462.jpg 1024w, https:\/\/www.ssccalameda.cl\/portal\/wp-content\/uploads\/2024\/03\/20240310_110435-300x135.jpg 300w, https:\/\/www.ssccalameda.cl\/portal\/wp-content\/uploads\/2024\/03\/20240310_110435-768x346.jpg 768w, https:\/\/www.ssccalameda.cl\/portal\/wp-content\/uploads\/2024\/03\/20240310_110435-1536x692.jpg 1536w, https:\/\/www.ssccalameda.cl\/portal\/wp-content\/uploads\/2024\/03\/20240310_110435-2048x923.jpg 2048w\" sizes=\"(max-width: 1024px) 100vw, 1024px\" \/><\/a><\/figure>\n\n\n\n<figure class=\"wp-block-image size-large\"><a href=\"https:\/\/www.ssccalameda.cl\/portal\/wp-content\/uploads\/2024\/03\/VideoCapture_20240314-160618.jpg\"><img loading=\"lazy\" decoding=\"async\" width=\"576\" height=\"1024\" src=\"https:\/\/www.ssccalameda.cl\/portal\/wp-content\/uploads\/2024\/03\/VideoCapture_20240314-160618-576x1024.jpg\" alt=\"\" class=\"wp-image-12930\" srcset=\"https:\/\/www.ssccalameda.cl\/portal\/wp-content\/uploads\/2024\/03\/VideoCapture_20240314-160618-576x1024.jpg 576w, https:\/\/www.ssccalameda.cl\/portal\/wp-content\/uploads\/2024\/03\/VideoCapture_20240314-160618-169x300.jpg 169w, https:\/\/www.ssccalameda.cl\/portal\/wp-content\/uploads\/2024\/03\/VideoCapture_20240314-160618-768x1365.jpg 768w, https:\/\/www.ssccalameda.cl\/portal\/wp-content\/uploads\/2024\/03\/VideoCapture_20240314-160618-864x1536.jpg 864w, https:\/\/www.ssccalameda.cl\/portal\/wp-content\/uploads\/2024\/03\/VideoCapture_20240314-160618.jpg 1080w\" sizes=\"(max-width: 576px) 100vw, 576px\" \/><\/a><\/figure>\n","protected":false},"excerpt":{"rendered":"<p>El domingo 10 de marzo, en la Parcela de la Asociaci\u00f3n de Madres, Padres y Apoderados(as) del Colegio, (Centro Deportivo y Recreativo, San Bernardo), se realiz\u00f3 la primera misa familiar del a\u00f1o. Esta tradicional invitaci\u00f3n, convoc\u00f3 a todas las familias del colegio, trabajadores y estudiantes. Representantes de la Comunidad, como Brigadieres y Centro de Alumnos(as) &hellip;<\/p>\n","protected":false},"author":5,"featured_media":12929,"comment_status":"closed","ping_status":"closed","sticky":false,"template":"","format":"standard","meta":{"footnotes":""},"categories":[1,40],"tags":[],"_links":{"self":[{"href":"https:\/\/www.ssccalameda.cl\/portal\/wp-json\/wp\/v2\/posts\/12921"}],"collection":[{"href":"https:\/\/www.ssccalameda.cl\/portal\/wp-json\/wp\/v2\/posts"}],"about":[{"href":"https:\/\/www.ssccalameda.cl\/portal\/wp-json\/wp\/v2\/types\/post"}],"author":[{"embeddable":true,"href":"https:\/\/www.ssccalameda.cl\/portal\/wp-json\/wp\/v2\/users\/5"}],"replies":[{"embeddable":true,"href":"https:\/\/www.ssccalameda.cl\/portal\/wp-json\/wp\/v2\/comments?post=12921"}],"version-history":[{"count":3,"href":"https:\/\/www.ssccalameda.cl\/portal\/wp-json\/wp\/v2\/posts\/12921\/revisions"}],"predecessor-version":[{"id":12931,"href":"https:\/\/www.ssccalameda.cl\/portal\/wp-json\/wp\/v2\/posts\/12921\/revisions\/12931"}],"wp:featuredmedia":[{"embeddable":true,"href":"https:\/\/www.ssccalameda.cl\/portal\/wp-json\/wp\/v2\/media\/12929"}],"wp:attachment":[{"href":"https:\/\/www.ssccalameda.cl\/portal\/wp-json\/wp\/v2\/media?parent=12921"}],"wp:term":[{"taxonomy":"category","embeddable":true,"href":"https:\/\/www.ssccalameda.cl\/portal\/wp-json\/wp\/v2\/categories?post=12921"},{"taxonomy":"post_tag","embeddable":true,"href":"https:\/\/www.ssccalameda.cl\/portal\/wp-json\/wp\/v2\/tags?post=12921"}],"curies":[{"name":"wp","href":"https:\/\/api.w.org\/{rel}","templated":true}]}}