{"id":12966,"date":"2024-03-20T15:58:41","date_gmt":"2024-03-20T18:58:41","guid":{"rendered":"https:\/\/www.ssccalameda.cl\/portal\/?p=12966"},"modified":"2024-03-20T16:55:45","modified_gmt":"2024-03-20T19:55:45","slug":"programacion-de-semana-santa-3","status":"publish","type":"post","link":"https:\/\/www.ssccalameda.cl\/portal\/programacion-de-semana-santa-3\/","title":{"rendered":"Programaci\u00f3n de Semana Santa"},"content":{"rendered":"\n<p>Ven, acomp\u00e1\u00f1anos<\/p>\n\n\n\n<div class=\"wp-block-file\"><a id=\"wp-block-file--media-e8104904-01cc-4e08-8b98-0d10d2898ddb\" href=\"https:\/\/www.ssccalameda.cl\/portal\/wp-content\/uploads\/2024\/03\/VIVAMOS-JUNTOS-SEMANA-SANTA-2-1.png\">Programaci\u00f3n de Semana Santa<\/a><a href=\"https:\/\/www.ssccalameda.cl\/portal\/wp-content\/uploads\/2024\/03\/VIVAMOS-JUNTOS-SEMANA-SANTA-2-1.png\" class=\"wp-block-file__button wp-element-button\" download aria-describedby=\"wp-block-file--media-e8104904-01cc-4e08-8b98-0d10d2898ddb\">Descarga<\/a><\/div>\n\n\n\n<figure class=\"wp-block-image size-large\"><a href=\"https:\/\/www.ssccalameda.cl\/portal\/wp-content\/uploads\/2024\/03\/VIVAMOS-JUNTOS-SEMANA-SANTA-2-2.png\"><img loading=\"lazy\" decoding=\"async\" width=\"724\" height=\"1024\" src=\"https:\/\/www.ssccalameda.cl\/portal\/wp-content\/uploads\/2024\/03\/VIVAMOS-JUNTOS-SEMANA-SANTA-2-2-724x1024.png\" alt=\"\" class=\"wp-image-12968\" srcset=\"https:\/\/www.ssccalameda.cl\/portal\/wp-content\/uploads\/2024\/03\/VIVAMOS-JUNTOS-SEMANA-SANTA-2-2-724x1024.png 724w, https:\/\/www.ssccalameda.cl\/portal\/wp-content\/uploads\/2024\/03\/VIVAMOS-JUNTOS-SEMANA-SANTA-2-2-212x300.png 212w, https:\/\/www.ssccalameda.cl\/portal\/wp-content\/uploads\/2024\/03\/VIVAMOS-JUNTOS-SEMANA-SANTA-2-2-768x1086.png 768w, https:\/\/www.ssccalameda.cl\/portal\/wp-content\/uploads\/2024\/03\/VIVAMOS-JUNTOS-SEMANA-SANTA-2-2-1086x1536.png 1086w, https:\/\/www.ssccalameda.cl\/portal\/wp-content\/uploads\/2024\/03\/VIVAMOS-JUNTOS-SEMANA-SANTA-2-2.png 1414w\" sizes=\"(max-width: 724px) 100vw, 724px\" \/><\/a><\/figure>\n","protected":false},"excerpt":{"rendered":"<p>Ven, acomp\u00e1\u00f1anos Programaci\u00f3n de Semana SantaDescarga<\/p>\n","protected":false},"author":5,"featured_media":12965,"comment_status":"closed","ping_status":"closed","sticky":false,"template":"","format":"standard","meta":{"footnotes":""},"categories":[40],"tags":[],"_links":{"self":[{"href":"https:\/\/www.ssccalameda.cl\/portal\/wp-json\/wp\/v2\/posts\/12966"}],"collection":[{"href":"https:\/\/www.ssccalameda.cl\/portal\/wp-json\/wp\/v2\/posts"}],"about":[{"href":"https:\/\/www.ssccalameda.cl\/portal\/wp-json\/wp\/v2\/types\/post"}],"author":[{"embeddable":true,"href":"https:\/\/www.ssccalameda.cl\/portal\/wp-json\/wp\/v2\/users\/5"}],"replies":[{"embeddable":true,"href":"https:\/\/www.ssccalameda.cl\/portal\/wp-json\/wp\/v2\/comments?post=12966"}],"version-history":[{"count":2,"href":"https:\/\/www.ssccalameda.cl\/portal\/wp-json\/wp\/v2\/posts\/12966\/revisions"}],"predecessor-version":[{"id":12972,"href":"https:\/\/www.ssccalameda.cl\/portal\/wp-json\/wp\/v2\/posts\/12966\/revisions\/12972"}],"wp:featuredmedia":[{"embeddable":true,"href":"https:\/\/www.ssccalameda.cl\/portal\/wp-json\/wp\/v2\/media\/12965"}],"wp:attachment":[{"href":"https:\/\/www.ssccalameda.cl\/portal\/wp-json\/wp\/v2\/media?parent=12966"}],"wp:term":[{"taxonomy":"category","embeddable":true,"href":"https:\/\/www.ssccalameda.cl\/portal\/wp-json\/wp\/v2\/categories?post=12966"},{"taxonomy":"post_tag","embeddable":true,"href":"https:\/\/www.ssccalameda.cl\/portal\/wp-json\/wp\/v2\/tags?post=12966"}],"curies":[{"name":"wp","href":"https:\/\/api.w.org\/{rel}","templated":true}]}}