{"id":15467,"date":"2024-05-07T10:56:45","date_gmt":"2024-05-07T14:56:45","guid":{"rendered":"https:\/\/www.ssccalameda.cl\/portal\/?p=15467"},"modified":"2024-05-07T10:59:01","modified_gmt":"2024-05-07T14:59:01","slug":"unete-al-coro-para-celebrar-los-175-anos-en-la-catedral","status":"publish","type":"post","link":"https:\/\/www.ssccalameda.cl\/portal\/unete-al-coro-para-celebrar-los-175-anos-en-la-catedral\/","title":{"rendered":"\u00a1\u00danete al Coro para celebrar los 175 a\u00f1os en la Catedral!"},"content":{"rendered":"\n<p>Estimados Padres y Apoderados: <\/p>\n\n\n\n<p>A partir de ma\u00f1ana mi\u00e9rcoles 8 de mayo,  todos los mi\u00e9rcoles de este mes a las 16:00 hrs. en el Templo, estaremos ensayando para la Misa Solemne en la Catedral de Santiago, que se realizar\u00e1 el viernes 7 de junio a las 18:00 hrs. y donde celebraremos como comunidad cristiana nuestro aniversario n\u00famero 175. <\/p>\n\n\n\n<p>Si te gusta cantar o tocas alg\u00fan instrumento, \u00a1te esperamos!<\/p>\n\n\n\n<p>M\u00e1s detalles con Matilde Valencia a matildevalencia@ssccalameda.cl <\/p>\n\n\n\n<p><\/p>\n","protected":false},"excerpt":{"rendered":"<p>Estimados Padres y Apoderados: A partir de ma\u00f1ana mi\u00e9rcoles 8 de mayo, todos los mi\u00e9rcoles de este mes a las 16:00 hrs. en el Templo, estaremos ensayando para la Misa Solemne en la Catedral de Santiago, que se realizar\u00e1 el viernes 7 de junio a las 18:00 hrs. y donde celebraremos como comunidad cristiana nuestro &hellip;<\/p>\n","protected":false},"author":5,"featured_media":12631,"comment_status":"closed","ping_status":"closed","sticky":false,"template":"","format":"standard","meta":{"footnotes":""},"categories":[40],"tags":[],"_links":{"self":[{"href":"https:\/\/www.ssccalameda.cl\/portal\/wp-json\/wp\/v2\/posts\/15467"}],"collection":[{"href":"https:\/\/www.ssccalameda.cl\/portal\/wp-json\/wp\/v2\/posts"}],"about":[{"href":"https:\/\/www.ssccalameda.cl\/portal\/wp-json\/wp\/v2\/types\/post"}],"author":[{"embeddable":true,"href":"https:\/\/www.ssccalameda.cl\/portal\/wp-json\/wp\/v2\/users\/5"}],"replies":[{"embeddable":true,"href":"https:\/\/www.ssccalameda.cl\/portal\/wp-json\/wp\/v2\/comments?post=15467"}],"version-history":[{"count":4,"href":"https:\/\/www.ssccalameda.cl\/portal\/wp-json\/wp\/v2\/posts\/15467\/revisions"}],"predecessor-version":[{"id":15471,"href":"https:\/\/www.ssccalameda.cl\/portal\/wp-json\/wp\/v2\/posts\/15467\/revisions\/15471"}],"wp:featuredmedia":[{"embeddable":true,"href":"https:\/\/www.ssccalameda.cl\/portal\/wp-json\/wp\/v2\/media\/12631"}],"wp:attachment":[{"href":"https:\/\/www.ssccalameda.cl\/portal\/wp-json\/wp\/v2\/media?parent=15467"}],"wp:term":[{"taxonomy":"category","embeddable":true,"href":"https:\/\/www.ssccalameda.cl\/portal\/wp-json\/wp\/v2\/categories?post=15467"},{"taxonomy":"post_tag","embeddable":true,"href":"https:\/\/www.ssccalameda.cl\/portal\/wp-json\/wp\/v2\/tags?post=15467"}],"curies":[{"name":"wp","href":"https:\/\/api.w.org\/{rel}","templated":true}]}}