{"id":15677,"date":"2024-06-07T08:09:03","date_gmt":"2024-06-07T12:09:03","guid":{"rendered":"https:\/\/www.ssccalameda.cl\/portal\/?p=15677"},"modified":"2024-06-07T08:09:04","modified_gmt":"2024-06-07T12:09:04","slug":"feliz-dia-del-sagrado-corazon-de-jesus","status":"publish","type":"post","link":"https:\/\/www.ssccalameda.cl\/portal\/feliz-dia-del-sagrado-corazon-de-jesus\/","title":{"rendered":"Feliz d\u00eda del Sagrado Coraz\u00f3n de Jes\u00fas"},"content":{"rendered":"\n<p>Con profunda alegr\u00eda celebramos la Solemnidad del Sagrado Coraz\u00f3n de Jes\u00fas, y especialmente, nuestro aniversario n\u00famero 175.<\/p>\n\n\n\n<p>\u00a1Felicidades a toda la comunidad educativa por este d\u00eda!<\/p>\n\n\n\n<p>Como instituci\u00f3n educativa, estamos orgullosos de nuestras trayectoria, tradiciones, formaci\u00f3n y c\u00f3mo a la luz del tiempo nuestro proyecto trasciende en cada ex alumno y alumna, marcando una diferencia en la sociedad.<\/p>\n\n\n\n<p>Gracias Dios por estos a\u00f1os de vida y por permitirnos compartir este d\u00eda tan especial.<\/p>\n","protected":false},"excerpt":{"rendered":"<p>Con profunda alegr\u00eda celebramos la Solemnidad del Sagrado Coraz\u00f3n de Jes\u00fas, y especialmente, nuestro aniversario n\u00famero 175. \u00a1Felicidades a toda la comunidad educativa por este d\u00eda! Como instituci\u00f3n educativa, estamos orgullosos de nuestras trayectoria, tradiciones, formaci\u00f3n y c\u00f3mo a la luz del tiempo nuestro proyecto trasciende en cada ex alumno y alumna, marcando una diferencia &hellip;<\/p>\n","protected":false},"author":5,"featured_media":15678,"comment_status":"closed","ping_status":"closed","sticky":false,"template":"","format":"standard","meta":{"footnotes":""},"categories":[40],"tags":[],"_links":{"self":[{"href":"https:\/\/www.ssccalameda.cl\/portal\/wp-json\/wp\/v2\/posts\/15677"}],"collection":[{"href":"https:\/\/www.ssccalameda.cl\/portal\/wp-json\/wp\/v2\/posts"}],"about":[{"href":"https:\/\/www.ssccalameda.cl\/portal\/wp-json\/wp\/v2\/types\/post"}],"author":[{"embeddable":true,"href":"https:\/\/www.ssccalameda.cl\/portal\/wp-json\/wp\/v2\/users\/5"}],"replies":[{"embeddable":true,"href":"https:\/\/www.ssccalameda.cl\/portal\/wp-json\/wp\/v2\/comments?post=15677"}],"version-history":[{"count":1,"href":"https:\/\/www.ssccalameda.cl\/portal\/wp-json\/wp\/v2\/posts\/15677\/revisions"}],"predecessor-version":[{"id":15679,"href":"https:\/\/www.ssccalameda.cl\/portal\/wp-json\/wp\/v2\/posts\/15677\/revisions\/15679"}],"wp:featuredmedia":[{"embeddable":true,"href":"https:\/\/www.ssccalameda.cl\/portal\/wp-json\/wp\/v2\/media\/15678"}],"wp:attachment":[{"href":"https:\/\/www.ssccalameda.cl\/portal\/wp-json\/wp\/v2\/media?parent=15677"}],"wp:term":[{"taxonomy":"category","embeddable":true,"href":"https:\/\/www.ssccalameda.cl\/portal\/wp-json\/wp\/v2\/categories?post=15677"},{"taxonomy":"post_tag","embeddable":true,"href":"https:\/\/www.ssccalameda.cl\/portal\/wp-json\/wp\/v2\/tags?post=15677"}],"curies":[{"name":"wp","href":"https:\/\/api.w.org\/{rel}","templated":true}]}}