{"id":15788,"date":"2024-06-28T15:35:52","date_gmt":"2024-06-28T19:35:52","guid":{"rendered":"https:\/\/www.ssccalameda.cl\/portal\/?p=15788"},"modified":"2024-06-28T15:35:53","modified_gmt":"2024-06-28T19:35:53","slug":"cerrado-por-periodo-de-vacaciones","status":"publish","type":"post","link":"https:\/\/www.ssccalameda.cl\/portal\/cerrado-por-periodo-de-vacaciones\/","title":{"rendered":"Cerrado por periodo de Vacaciones"},"content":{"rendered":"\n<p><strong>Estimada Comunidad Educativa:<\/strong><\/p>\n\n\n\n<p>Nos complace informarles que el colegio estar\u00e1 cerrado por motivo de vacaciones de invierno\u00a0<strong>del lunes 1 al viernes 5 de julio<\/strong>. Durante este per\u00edodo,\u00a0no se atender\u00e1 en las instalaciones ni por las v\u00edas de comunicaci\u00f3n habituales.<\/p>\n\n\n\n<p><strong>Regresamos con energ\u00eda el lunes 8 de julio<\/strong>\u00a0listos para continuar con el segundo semestre.<\/p>\n\n\n\n<p><strong>Ante cualquier duda o inquietud,<\/strong>\u00a0no duden en contactarnos a partir de esa fecha a trav\u00e9s de los e-mails institucionales:<\/p>\n\n\n\n<ul>\n<li>Admisi\u00f3n: stephaniehunt@ssccalameda.cl<\/li>\n\n\n\n<li>Recaudaci\u00f3n: recaudacion@ssccalameda.cl    <\/li>\n\n\n\n<li>Rector\u00eda: rectoria@ssccalameda.cl<\/li>\n<\/ul>\n\n\n\n<p><strong>\u00a1Aprovechamos la oportunidad para desearles unas felices vacaciones llenas de descanso y alegr\u00eda!<\/strong><\/p>\n","protected":false},"excerpt":{"rendered":"<p>Estimada Comunidad Educativa: Nos complace informarles que el colegio estar\u00e1 cerrado por motivo de vacaciones de invierno\u00a0del lunes 1 al viernes 5 de julio. Durante este per\u00edodo,\u00a0no se atender\u00e1 en las instalaciones ni por las v\u00edas de comunicaci\u00f3n habituales. Regresamos con energ\u00eda el lunes 8 de julio\u00a0listos para continuar con el segundo semestre. Ante cualquier &hellip;<\/p>\n","protected":false},"author":5,"featured_media":15789,"comment_status":"closed","ping_status":"closed","sticky":false,"template":"","format":"standard","meta":{"footnotes":""},"categories":[40],"tags":[],"_links":{"self":[{"href":"https:\/\/www.ssccalameda.cl\/portal\/wp-json\/wp\/v2\/posts\/15788"}],"collection":[{"href":"https:\/\/www.ssccalameda.cl\/portal\/wp-json\/wp\/v2\/posts"}],"about":[{"href":"https:\/\/www.ssccalameda.cl\/portal\/wp-json\/wp\/v2\/types\/post"}],"author":[{"embeddable":true,"href":"https:\/\/www.ssccalameda.cl\/portal\/wp-json\/wp\/v2\/users\/5"}],"replies":[{"embeddable":true,"href":"https:\/\/www.ssccalameda.cl\/portal\/wp-json\/wp\/v2\/comments?post=15788"}],"version-history":[{"count":1,"href":"https:\/\/www.ssccalameda.cl\/portal\/wp-json\/wp\/v2\/posts\/15788\/revisions"}],"predecessor-version":[{"id":15790,"href":"https:\/\/www.ssccalameda.cl\/portal\/wp-json\/wp\/v2\/posts\/15788\/revisions\/15790"}],"wp:featuredmedia":[{"embeddable":true,"href":"https:\/\/www.ssccalameda.cl\/portal\/wp-json\/wp\/v2\/media\/15789"}],"wp:attachment":[{"href":"https:\/\/www.ssccalameda.cl\/portal\/wp-json\/wp\/v2\/media?parent=15788"}],"wp:term":[{"taxonomy":"category","embeddable":true,"href":"https:\/\/www.ssccalameda.cl\/portal\/wp-json\/wp\/v2\/categories?post=15788"},{"taxonomy":"post_tag","embeddable":true,"href":"https:\/\/www.ssccalameda.cl\/portal\/wp-json\/wp\/v2\/tags?post=15788"}],"curies":[{"name":"wp","href":"https:\/\/api.w.org\/{rel}","templated":true}]}}