{"id":15817,"date":"2024-07-08T12:45:47","date_gmt":"2024-07-08T16:45:47","guid":{"rendered":"https:\/\/www.ssccalameda.cl\/portal\/?p=15817"},"modified":"2024-07-08T12:45:48","modified_gmt":"2024-07-08T16:45:48","slug":"se-renueva-la-actual-directiva-de-la-asociacion-de-madres-padres-y-apoderados","status":"publish","type":"post","link":"https:\/\/www.ssccalameda.cl\/portal\/se-renueva-la-actual-directiva-de-la-asociacion-de-madres-padres-y-apoderados\/","title":{"rendered":"Se renueva la actual Directiva de la Asociaci\u00f3n de Madres, Padres y Apoderados"},"content":{"rendered":"\n<p>Luego de una&nbsp;Asamblea Extraordinaria de Presidentes y Presidentas de curso del Colegio SSCC del Arzobispado de Santiago, realizada el&nbsp;17 de Junio,&nbsp;se renov\u00f3 al actual Directorio hasta Diciembre del a\u00f1o 2025.<\/p>\n\n\n\n<p>Esta renovaci\u00f3n se produjo una vez que el TRICEL declarara fallida la\u00a0elecci\u00f3n 2024-2025,\u00a0debido a la falta de participaci\u00f3n\u00a0y la ausencia de listas en las postulaciones.<\/p>\n\n\n\n<p>A la&nbsp;Asamblea se le&nbsp;propusieron&nbsp;tres opciones:<\/p>\n\n\n\n<ul>\n<li>Renovar la actual Directiva por 1 a\u00f1o.<\/li>\n\n\n\n<li>Renovar la actual Directiva por 2 a\u00f1os.<\/li>\n\n\n\n<li>Elegir una nueva Directiva en la misma Asamblea.<\/li>\n<\/ul>\n\n\n\n<p>Los resultados:<\/p>\n\n\n\n<figure class=\"wp-block-image size-full\"><a href=\"https:\/\/www.ssccalameda.cl\/portal\/wp-content\/uploads\/2024\/07\/Imagen-1.png\"><img loading=\"lazy\" decoding=\"async\" width=\"836\" height=\"160\" src=\"https:\/\/www.ssccalameda.cl\/portal\/wp-content\/uploads\/2024\/07\/Imagen-1.png\" alt=\"\" class=\"wp-image-15818\" srcset=\"https:\/\/www.ssccalameda.cl\/portal\/wp-content\/uploads\/2024\/07\/Imagen-1.png 836w, https:\/\/www.ssccalameda.cl\/portal\/wp-content\/uploads\/2024\/07\/Imagen-1-300x57.png 300w, https:\/\/www.ssccalameda.cl\/portal\/wp-content\/uploads\/2024\/07\/Imagen-1-768x147.png 768w\" sizes=\"(max-width: 836px) 100vw, 836px\" \/><\/a><\/figure>\n\n\n\n<p>La votaci\u00f3n determin\u00f3 la\u00a0<strong>renovaci\u00f3n de la actual Directiva por un per\u00edodo de 2 a\u00f1os<\/strong>,\u00a0lo que significa que la Sra.\u00a0Olga Mardones (mam\u00e1 de Mateo de 7mo. b\u00e1sico), Sra. P\u00eda Cort\u00e9s (mam\u00e1 de Francesca y Martina de 2do. medio) y la Sra. Ana Mar\u00eda Campillay (mam\u00e1 de Rafaela de 7mo. b\u00e1sico y Luciano de 2do. b\u00e1sico),\u00a0continuar\u00e1n en el cargo hasta diciembre del 2025. A ellas, les deseamos un muy buen periodo, lleno de trabajo en equipo y en alianza con el Colegio y todos\u00a0los estamentos que lo conforman,\u00a0para procurar el desarrollo integral de nuestros(as) estudiantes.<\/p>\n\n\n\n<p>La Presidenta,\u00a0Sra. Olga\u00a0Mardones,\u00a0aprovech\u00f3 la ocasi\u00f3n para\u00a0informar\u00a0la renuncia de la Tesorera\/Delegada de Pastoral,\u00a0Sra.\u00a0Nancy\u00a0C\u00e1ceres,\u00a0y\u00a0que en breve comunicar\u00e1n a la Asamblea las\/los nuevos integrantes que se sumar\u00e1n al Directorio para este per\u00edodo y as\u00ed\u00a0\u00a0completar todos los cargos. Adem\u00e1s, invit\u00f3 a las y los Presidentes a seguir aportando desde su rol y junto a sus cursos, siendo un aporte positivo en la construcci\u00f3n de un mejor colegio para nuestras hijas e hijos, y reiter\u00f3 la necesidad de que m\u00e1s familias sean parte de la Asociaci\u00f3n, y as\u00ed poder fortalecer la voz de las familias ante el colegio.<\/p>\n\n\n\n<p>El&nbsp;Sr. Marcelo Mu\u00f1oz, presidente del&nbsp;TRICEL, se refiri\u00f3 al desarrollo del proceso eleccionario, invitando tambi\u00e9n a la participaci\u00f3n.<\/p>\n\n\n\n<p><strong>Sr. Mu\u00f1oz, \u00bfC\u00f3mo resume el proceso y cu\u00e1les cosas destacar\u00eda del mismo?<\/strong><\/p>\n\n\n\n<p>El proceso comenz\u00f3 con la revisi\u00f3n del reglamento de elecciones existente y la modificaci\u00f3n del mismo para completar vac\u00edos que exist\u00edan sobre requisitos de postulaci\u00f3n a las elecciones, conformaci\u00f3n del TRICEL, determinaci\u00f3n de los apoderados\/familias que est\u00e1n validadas por los Estatutos para votar, el nuevo calendario de elecciones y los protocolos de votaciones, conteo y resguardo de los votos, as\u00ed como la resoluci\u00f3n de las elecciones en caso de ocurrir alguna circunstancia que no permitiera su realizaci\u00f3n. Posteriormente, se public\u00f3 el Reglamento y se comparti\u00f3 con todos los presidentes de curso, se dio seguimiento a los plazos establecidos en el Reglamento, y finalmente se convoc\u00f3 a una Asamblea ante la declaraci\u00f3n de Elecci\u00f3n Fallida por no presentaci\u00f3n de listas a las elecciones.<\/p>\n\n\n\n<p>Es importante destacar la excelente voluntad y apoyo de la actual Directiva en el proceso al igual que la Rector\u00eda del colegio y de muchos de los presidentes de curso y sus directivas. Tambi\u00e9n es necesario se\u00f1alar que a\u00fan existe mucho trabajo por hacer para reforzar la institucionalidad de la Asociaci\u00f3n y sus Estatutos, que ha tomado un largo tiempo poder abordar, as\u00ed como lograr aumentar la participaci\u00f3n de las familias del colegio, ya sea que formen parte o no de la Asociaci\u00f3n, para imprimir un mayor dinamismo al trabajo del Directorio de la misma y lograr conformar una comunidad de madres, padres y apoderados s\u00f3lida, comprometida y solidaria.<\/p>\n\n\n\n<p><strong>\u00bfDada su experiencia, qu\u00e9 le dir\u00eda a otros apoderados del SSCC?<\/strong><\/p>\n\n\n\n<p>Sin duda los invitar\u00eda a participar activamente en la Asociaci\u00f3n partiendo por incorporarse como socio activo, y adem\u00e1s contribuir con el desarrollo institucional en los distintos \u00e1mbitos profesionales y espirituales en los que cada uno puede aportar, siempre con el fin de apoyar a nuestros hijos y su crecimiento \u00edntegro durante su paso por el colegio.<\/p>\n\n\n\n<p><strong>Desde el Colegio, valoramos la renovaci\u00f3n del Directorio actual, que busca fortalecer la Asociaci\u00f3n de Madres, Padres y Apoderados, una instituci\u00f3n clave para seguir nutriendo la Alianza Familia &#8211; Colegio y seguir representando a todas las familias que forman parte de nuestra querida comunidad\u00a0escolar.<\/strong><\/p>\n\n\n\n<figure class=\"wp-block-gallery has-nested-images columns-default is-cropped wp-block-gallery-1 is-layout-flex wp-block-gallery-is-layout-flex\">\n<figure class=\"wp-block-image size-large\"><a href=\"https:\/\/www.ssccalameda.cl\/portal\/wp-content\/uploads\/2024\/07\/Foto-2.jpg\"><img loading=\"lazy\" decoding=\"async\" width=\"798\" height=\"960\" data-id=\"15819\" src=\"https:\/\/www.ssccalameda.cl\/portal\/wp-content\/uploads\/2024\/07\/Foto-2.jpg\" alt=\"\" class=\"wp-image-15819\" srcset=\"https:\/\/www.ssccalameda.cl\/portal\/wp-content\/uploads\/2024\/07\/Foto-2.jpg 798w, https:\/\/www.ssccalameda.cl\/portal\/wp-content\/uploads\/2024\/07\/Foto-2-249x300.jpg 249w, https:\/\/www.ssccalameda.cl\/portal\/wp-content\/uploads\/2024\/07\/Foto-2-768x924.jpg 768w\" sizes=\"(max-width: 798px) 100vw, 798px\" \/><\/a><\/figure>\n\n\n\n<figure class=\"wp-block-image size-large\"><a href=\"https:\/\/www.ssccalameda.cl\/portal\/wp-content\/uploads\/2024\/07\/Foto-1.jpg\"><img loading=\"lazy\" decoding=\"async\" width=\"956\" height=\"960\" data-id=\"15820\" src=\"https:\/\/www.ssccalameda.cl\/portal\/wp-content\/uploads\/2024\/07\/Foto-1.jpg\" alt=\"\" class=\"wp-image-15820\" srcset=\"https:\/\/www.ssccalameda.cl\/portal\/wp-content\/uploads\/2024\/07\/Foto-1.jpg 956w, https:\/\/www.ssccalameda.cl\/portal\/wp-content\/uploads\/2024\/07\/Foto-1-300x300.jpg 300w, https:\/\/www.ssccalameda.cl\/portal\/wp-content\/uploads\/2024\/07\/Foto-1-150x150.jpg 150w, https:\/\/www.ssccalameda.cl\/portal\/wp-content\/uploads\/2024\/07\/Foto-1-768x771.jpg 768w\" sizes=\"(max-width: 956px) 100vw, 956px\" \/><\/a><\/figure>\n<\/figure>\n","protected":false},"excerpt":{"rendered":"<p>Luego de una&nbsp;Asamblea Extraordinaria de Presidentes y Presidentas de curso del Colegio SSCC del Arzobispado de Santiago, realizada el&nbsp;17 de Junio,&nbsp;se renov\u00f3 al actual Directorio hasta Diciembre del a\u00f1o 2025. Esta renovaci\u00f3n se produjo una vez que el TRICEL declarara fallida la\u00a0elecci\u00f3n 2024-2025,\u00a0debido a la falta de participaci\u00f3n\u00a0y la ausencia de listas en las postulaciones. &hellip;<\/p>\n","protected":false},"author":5,"featured_media":15820,"comment_status":"closed","ping_status":"closed","sticky":false,"template":"","format":"standard","meta":{"footnotes":""},"categories":[40],"tags":[],"_links":{"self":[{"href":"https:\/\/www.ssccalameda.cl\/portal\/wp-json\/wp\/v2\/posts\/15817"}],"collection":[{"href":"https:\/\/www.ssccalameda.cl\/portal\/wp-json\/wp\/v2\/posts"}],"about":[{"href":"https:\/\/www.ssccalameda.cl\/portal\/wp-json\/wp\/v2\/types\/post"}],"author":[{"embeddable":true,"href":"https:\/\/www.ssccalameda.cl\/portal\/wp-json\/wp\/v2\/users\/5"}],"replies":[{"embeddable":true,"href":"https:\/\/www.ssccalameda.cl\/portal\/wp-json\/wp\/v2\/comments?post=15817"}],"version-history":[{"count":1,"href":"https:\/\/www.ssccalameda.cl\/portal\/wp-json\/wp\/v2\/posts\/15817\/revisions"}],"predecessor-version":[{"id":15821,"href":"https:\/\/www.ssccalameda.cl\/portal\/wp-json\/wp\/v2\/posts\/15817\/revisions\/15821"}],"wp:featuredmedia":[{"embeddable":true,"href":"https:\/\/www.ssccalameda.cl\/portal\/wp-json\/wp\/v2\/media\/15820"}],"wp:attachment":[{"href":"https:\/\/www.ssccalameda.cl\/portal\/wp-json\/wp\/v2\/media?parent=15817"}],"wp:term":[{"taxonomy":"category","embeddable":true,"href":"https:\/\/www.ssccalameda.cl\/portal\/wp-json\/wp\/v2\/categories?post=15817"},{"taxonomy":"post_tag","embeddable":true,"href":"https:\/\/www.ssccalameda.cl\/portal\/wp-json\/wp\/v2\/tags?post=15817"}],"curies":[{"name":"wp","href":"https:\/\/api.w.org\/{rel}","templated":true}]}}