{"id":15845,"date":"2024-07-22T09:48:52","date_gmt":"2024-07-22T13:48:52","guid":{"rendered":"https:\/\/www.ssccalameda.cl\/portal\/?p=15845"},"modified":"2024-07-22T09:48:53","modified_gmt":"2024-07-22T13:48:53","slug":"estudiante-de-nuestro-colegio-recibe-medalla-alpatacal","status":"publish","type":"post","link":"https:\/\/www.ssccalameda.cl\/portal\/estudiante-de-nuestro-colegio-recibe-medalla-alpatacal\/","title":{"rendered":"Estudiante de nuestro colegio recibe Medalla Alpatacal"},"content":{"rendered":"\n<p>El pasado jueves 18 de julio,\u00a0el estudiante de IV medio de nuestro colegio,\u00a0Said Abulias Dur\u00e1n,\u00a0recibi\u00f3 la Medalla en conmemoraci\u00f3n de la tragedia de Alpatacal,\u00a0un reconocimiento otorgado a aquellos j\u00f3venes que destacan por su liderazgo,\u00a0compa\u00f1erismo y cumplimiento de la labor.<\/p>\n\n\n\n<p>La ceremonia se llev\u00f3 a cabo en la Escuela Militar y cont\u00f3 con la presencia de autoridades de nuestro establecimiento educacional,\u00a0familiares del estudiante, Brigadieres y representantes del Ej\u00e9rcito de Chile.<\/p>\n\n\n\n<p>La Medalla de Alpatacal es un s\u00edmbolo de gran valor para la Escuela Militar,&nbsp;ya que conmemora a los cadetes que fallecieron en un tr\u00e1gico accidente ferroviario en 1927.&nbsp;Esta distinci\u00f3n se entrega a los estudiantes que demuestran,&nbsp;al igual que aquellos cadetes,&nbsp;un esp\u00edritu de sacrificio,&nbsp;abnegaci\u00f3n y compromiso con los valores institucionales.<\/p>\n\n\n\n<p>Said Abulias Dur\u00e1n se mostr\u00f3 muy emocionado por recibir este reconocimiento y las autoridades del colegio que acompa\u00f1aron a Said tambi\u00e9n expresaron su orgullo por el logro.\u00a0<\/p>\n\n\n\n<p>Said Abulias Dur\u00e1n es un estudiante destacado que ha participado activamente en diversas actividades extracurriculares, destac\u00e1ndose, entre otros, por su labor como brigadier, lo que lo convierte en un ejemplo a seguir para sus compa\u00f1eros y una fuente de orgullo para su familia y comunidad escolar.<\/p>\n\n\n\n<p><strong>Felicitamos a Said Abulias Dur\u00e1n por este merecido reconocimiento, le deseamos mucho \u00e9xito en su futuro<\/strong> y que Los Sagrados Corazones de Jes\u00fas y de Mar\u00eda le acompa\u00f1en siempre.<\/p>\n\n\n\n<figure class=\"wp-block-image size-large\"><a href=\"https:\/\/www.ssccalameda.cl\/portal\/wp-content\/uploads\/2024\/07\/2.png\"><img loading=\"lazy\" decoding=\"async\" width=\"1024\" height=\"1024\" src=\"https:\/\/www.ssccalameda.cl\/portal\/wp-content\/uploads\/2024\/07\/2-1024x1024.png\" alt=\"\" class=\"wp-image-15846\" srcset=\"https:\/\/www.ssccalameda.cl\/portal\/wp-content\/uploads\/2024\/07\/2-1024x1024.png 1024w, https:\/\/www.ssccalameda.cl\/portal\/wp-content\/uploads\/2024\/07\/2-300x300.png 300w, https:\/\/www.ssccalameda.cl\/portal\/wp-content\/uploads\/2024\/07\/2-150x150.png 150w, https:\/\/www.ssccalameda.cl\/portal\/wp-content\/uploads\/2024\/07\/2-768x768.png 768w, https:\/\/www.ssccalameda.cl\/portal\/wp-content\/uploads\/2024\/07\/2.png 1080w\" sizes=\"(max-width: 1024px) 100vw, 1024px\" \/><\/a><\/figure>\n\n\n\n<figure class=\"wp-block-image size-large\"><a href=\"https:\/\/www.ssccalameda.cl\/portal\/wp-content\/uploads\/2024\/07\/3.png\"><img loading=\"lazy\" decoding=\"async\" width=\"1024\" height=\"1024\" src=\"https:\/\/www.ssccalameda.cl\/portal\/wp-content\/uploads\/2024\/07\/3-1024x1024.png\" alt=\"\" class=\"wp-image-15847\" srcset=\"https:\/\/www.ssccalameda.cl\/portal\/wp-content\/uploads\/2024\/07\/3-1024x1024.png 1024w, https:\/\/www.ssccalameda.cl\/portal\/wp-content\/uploads\/2024\/07\/3-300x300.png 300w, https:\/\/www.ssccalameda.cl\/portal\/wp-content\/uploads\/2024\/07\/3-150x150.png 150w, https:\/\/www.ssccalameda.cl\/portal\/wp-content\/uploads\/2024\/07\/3-768x768.png 768w, https:\/\/www.ssccalameda.cl\/portal\/wp-content\/uploads\/2024\/07\/3.png 1080w\" sizes=\"(max-width: 1024px) 100vw, 1024px\" \/><\/a><\/figure>\n","protected":false},"excerpt":{"rendered":"<p>El pasado jueves 18 de julio,\u00a0el estudiante de IV medio de nuestro colegio,\u00a0Said Abulias Dur\u00e1n,\u00a0recibi\u00f3 la Medalla en conmemoraci\u00f3n de la tragedia de Alpatacal,\u00a0un reconocimiento otorgado a aquellos j\u00f3venes que destacan por su liderazgo,\u00a0compa\u00f1erismo y cumplimiento de la labor. La ceremonia se llev\u00f3 a cabo en la Escuela Militar y cont\u00f3 con la presencia de &hellip;<\/p>\n","protected":false},"author":5,"featured_media":15846,"comment_status":"closed","ping_status":"closed","sticky":false,"template":"","format":"standard","meta":{"footnotes":""},"categories":[40],"tags":[],"_links":{"self":[{"href":"https:\/\/www.ssccalameda.cl\/portal\/wp-json\/wp\/v2\/posts\/15845"}],"collection":[{"href":"https:\/\/www.ssccalameda.cl\/portal\/wp-json\/wp\/v2\/posts"}],"about":[{"href":"https:\/\/www.ssccalameda.cl\/portal\/wp-json\/wp\/v2\/types\/post"}],"author":[{"embeddable":true,"href":"https:\/\/www.ssccalameda.cl\/portal\/wp-json\/wp\/v2\/users\/5"}],"replies":[{"embeddable":true,"href":"https:\/\/www.ssccalameda.cl\/portal\/wp-json\/wp\/v2\/comments?post=15845"}],"version-history":[{"count":1,"href":"https:\/\/www.ssccalameda.cl\/portal\/wp-json\/wp\/v2\/posts\/15845\/revisions"}],"predecessor-version":[{"id":15848,"href":"https:\/\/www.ssccalameda.cl\/portal\/wp-json\/wp\/v2\/posts\/15845\/revisions\/15848"}],"wp:featuredmedia":[{"embeddable":true,"href":"https:\/\/www.ssccalameda.cl\/portal\/wp-json\/wp\/v2\/media\/15846"}],"wp:attachment":[{"href":"https:\/\/www.ssccalameda.cl\/portal\/wp-json\/wp\/v2\/media?parent=15845"}],"wp:term":[{"taxonomy":"category","embeddable":true,"href":"https:\/\/www.ssccalameda.cl\/portal\/wp-json\/wp\/v2\/categories?post=15845"},{"taxonomy":"post_tag","embeddable":true,"href":"https:\/\/www.ssccalameda.cl\/portal\/wp-json\/wp\/v2\/tags?post=15845"}],"curies":[{"name":"wp","href":"https:\/\/api.w.org\/{rel}","templated":true}]}}