{"id":15879,"date":"2024-07-24T18:41:47","date_gmt":"2024-07-24T22:41:47","guid":{"rendered":"https:\/\/www.ssccalameda.cl\/portal\/?p=15879"},"modified":"2024-07-29T17:41:53","modified_gmt":"2024-07-29T21:41:53","slug":"terceros-basicos-viven-jornada-formativa-y-se-consagran-al-sagrado-corazon","status":"publish","type":"post","link":"https:\/\/www.ssccalameda.cl\/portal\/terceros-basicos-viven-jornada-formativa-y-se-consagran-al-sagrado-corazon\/","title":{"rendered":"\u00a1Terceros b\u00e1sicos viven jornada formativa y se consagran al Sagrado Coraz\u00f3n!"},"content":{"rendered":"\n<p>Nuestros estudiantes de tercer b\u00e1sico vivieron una jornada formativa el pasado jueves 11 de julio,&nbsp;bajo el lema \u00abPor una buena convivencia a imagen de Jes\u00fas\u00bb.&nbsp;Esta actividad tuvo como objetivo fortalecer los valores de la amistad,&nbsp;el respeto y la solidaridad entre nuestros alumnos y alumnas.<\/p>\n\n\n\n<p>Estos estudiantes adem\u00e1s, tendr\u00e1n una nueva actividad organizada por Pastoral.&nbsp;El pr\u00f3ximo mi\u00e9rcoles 31 de julio,&nbsp;a las 8:15 horas,&nbsp;celebraremos una emotiva misa en la que los ni\u00f1os y ni\u00f1as renovar\u00e1n su compromiso con Dios y se consagrar\u00e1n al Sagrado Coraz\u00f3n de Jes\u00fas.&nbsp;Invitamos a todos los padres,&nbsp;madres y familiares a acompa\u00f1arnos en este importante momento.<\/p>\n\n\n\n<p>En esta ceremonia,&nbsp;reforzaremos los aprendizajes adquiridos durante la jornada formativa y viviremos un momento de profunda espiritualidad en comunidad.<\/p>\n\n\n\n<figure class=\"wp-block-image size-large\"><a href=\"https:\/\/www.ssccalameda.cl\/portal\/wp-content\/uploads\/2024\/07\/79389363-5c13-4e1c-b41b-c9bbb4c48332.jpg\"><img loading=\"lazy\" decoding=\"async\" width=\"1024\" height=\"576\" src=\"https:\/\/www.ssccalameda.cl\/portal\/wp-content\/uploads\/2024\/07\/79389363-5c13-4e1c-b41b-c9bbb4c48332-1024x576.jpg\" alt=\"\" class=\"wp-image-15897\" srcset=\"https:\/\/www.ssccalameda.cl\/portal\/wp-content\/uploads\/2024\/07\/79389363-5c13-4e1c-b41b-c9bbb4c48332-1024x576.jpg 1024w, https:\/\/www.ssccalameda.cl\/portal\/wp-content\/uploads\/2024\/07\/79389363-5c13-4e1c-b41b-c9bbb4c48332-300x169.jpg 300w, https:\/\/www.ssccalameda.cl\/portal\/wp-content\/uploads\/2024\/07\/79389363-5c13-4e1c-b41b-c9bbb4c48332-768x432.jpg 768w, https:\/\/www.ssccalameda.cl\/portal\/wp-content\/uploads\/2024\/07\/79389363-5c13-4e1c-b41b-c9bbb4c48332-1536x864.jpg 1536w, https:\/\/www.ssccalameda.cl\/portal\/wp-content\/uploads\/2024\/07\/79389363-5c13-4e1c-b41b-c9bbb4c48332.jpg 1600w\" sizes=\"(max-width: 1024px) 100vw, 1024px\" \/><\/a><\/figure>\n\n\n\n<figure class=\"wp-block-image size-large\"><a href=\"https:\/\/www.ssccalameda.cl\/portal\/wp-content\/uploads\/2024\/07\/7439ec25-a8a5-4599-b414-4e9307e71e0e.jpg\"><img loading=\"lazy\" decoding=\"async\" width=\"576\" height=\"1024\" src=\"https:\/\/www.ssccalameda.cl\/portal\/wp-content\/uploads\/2024\/07\/7439ec25-a8a5-4599-b414-4e9307e71e0e-576x1024.jpg\" alt=\"\" class=\"wp-image-15898\" srcset=\"https:\/\/www.ssccalameda.cl\/portal\/wp-content\/uploads\/2024\/07\/7439ec25-a8a5-4599-b414-4e9307e71e0e-576x1024.jpg 576w, https:\/\/www.ssccalameda.cl\/portal\/wp-content\/uploads\/2024\/07\/7439ec25-a8a5-4599-b414-4e9307e71e0e-169x300.jpg 169w, https:\/\/www.ssccalameda.cl\/portal\/wp-content\/uploads\/2024\/07\/7439ec25-a8a5-4599-b414-4e9307e71e0e-768x1365.jpg 768w, https:\/\/www.ssccalameda.cl\/portal\/wp-content\/uploads\/2024\/07\/7439ec25-a8a5-4599-b414-4e9307e71e0e-864x1536.jpg 864w, https:\/\/www.ssccalameda.cl\/portal\/wp-content\/uploads\/2024\/07\/7439ec25-a8a5-4599-b414-4e9307e71e0e.jpg 900w\" sizes=\"(max-width: 576px) 100vw, 576px\" \/><\/a><\/figure>\n\n\n\n<figure class=\"wp-block-gallery has-nested-images columns-default is-cropped wp-block-gallery-1 is-layout-flex wp-block-gallery-is-layout-flex\">\n<figure class=\"wp-block-image size-large\"><a href=\"https:\/\/www.ssccalameda.cl\/portal\/wp-content\/uploads\/2024\/07\/54b92328-5bab-405b-87ce-f189c3cc5461.jpg\"><img loading=\"lazy\" decoding=\"async\" width=\"1024\" height=\"768\" data-id=\"15899\" src=\"https:\/\/www.ssccalameda.cl\/portal\/wp-content\/uploads\/2024\/07\/54b92328-5bab-405b-87ce-f189c3cc5461-1024x768.jpg\" alt=\"\" class=\"wp-image-15899\" srcset=\"https:\/\/www.ssccalameda.cl\/portal\/wp-content\/uploads\/2024\/07\/54b92328-5bab-405b-87ce-f189c3cc5461-1024x768.jpg 1024w, https:\/\/www.ssccalameda.cl\/portal\/wp-content\/uploads\/2024\/07\/54b92328-5bab-405b-87ce-f189c3cc5461-300x225.jpg 300w, https:\/\/www.ssccalameda.cl\/portal\/wp-content\/uploads\/2024\/07\/54b92328-5bab-405b-87ce-f189c3cc5461-768x576.jpg 768w, https:\/\/www.ssccalameda.cl\/portal\/wp-content\/uploads\/2024\/07\/54b92328-5bab-405b-87ce-f189c3cc5461.jpg 1280w\" sizes=\"(max-width: 1024px) 100vw, 1024px\" \/><\/a><\/figure>\n<\/figure>\n\n\n\n<figure class=\"wp-block-image size-large\"><a href=\"https:\/\/www.ssccalameda.cl\/portal\/wp-content\/uploads\/2024\/07\/028f4a2f-65a4-4113-831c-e314fc0319ab.jpg\"><img loading=\"lazy\" decoding=\"async\" width=\"576\" height=\"1024\" src=\"https:\/\/www.ssccalameda.cl\/portal\/wp-content\/uploads\/2024\/07\/028f4a2f-65a4-4113-831c-e314fc0319ab-576x1024.jpg\" alt=\"\" class=\"wp-image-15900\" srcset=\"https:\/\/www.ssccalameda.cl\/portal\/wp-content\/uploads\/2024\/07\/028f4a2f-65a4-4113-831c-e314fc0319ab-576x1024.jpg 576w, https:\/\/www.ssccalameda.cl\/portal\/wp-content\/uploads\/2024\/07\/028f4a2f-65a4-4113-831c-e314fc0319ab-169x300.jpg 169w, https:\/\/www.ssccalameda.cl\/portal\/wp-content\/uploads\/2024\/07\/028f4a2f-65a4-4113-831c-e314fc0319ab-768x1365.jpg 768w, https:\/\/www.ssccalameda.cl\/portal\/wp-content\/uploads\/2024\/07\/028f4a2f-65a4-4113-831c-e314fc0319ab-864x1536.jpg 864w, https:\/\/www.ssccalameda.cl\/portal\/wp-content\/uploads\/2024\/07\/028f4a2f-65a4-4113-831c-e314fc0319ab.jpg 900w\" sizes=\"(max-width: 576px) 100vw, 576px\" \/><\/a><\/figure>\n","protected":false},"excerpt":{"rendered":"<p>Nuestros estudiantes de tercer b\u00e1sico vivieron una jornada formativa el pasado jueves 11 de julio,&nbsp;bajo el lema \u00abPor una buena convivencia a imagen de Jes\u00fas\u00bb.&nbsp;Esta actividad tuvo como objetivo fortalecer los valores de la amistad,&nbsp;el respeto y la solidaridad entre nuestros alumnos y alumnas. Estos estudiantes adem\u00e1s, tendr\u00e1n una nueva actividad organizada por Pastoral.&nbsp;El pr\u00f3ximo &hellip;<\/p>\n","protected":false},"author":5,"featured_media":15898,"comment_status":"closed","ping_status":"closed","sticky":false,"template":"","format":"standard","meta":{"footnotes":""},"categories":[40],"tags":[],"_links":{"self":[{"href":"https:\/\/www.ssccalameda.cl\/portal\/wp-json\/wp\/v2\/posts\/15879"}],"collection":[{"href":"https:\/\/www.ssccalameda.cl\/portal\/wp-json\/wp\/v2\/posts"}],"about":[{"href":"https:\/\/www.ssccalameda.cl\/portal\/wp-json\/wp\/v2\/types\/post"}],"author":[{"embeddable":true,"href":"https:\/\/www.ssccalameda.cl\/portal\/wp-json\/wp\/v2\/users\/5"}],"replies":[{"embeddable":true,"href":"https:\/\/www.ssccalameda.cl\/portal\/wp-json\/wp\/v2\/comments?post=15879"}],"version-history":[{"count":2,"href":"https:\/\/www.ssccalameda.cl\/portal\/wp-json\/wp\/v2\/posts\/15879\/revisions"}],"predecessor-version":[{"id":15902,"href":"https:\/\/www.ssccalameda.cl\/portal\/wp-json\/wp\/v2\/posts\/15879\/revisions\/15902"}],"wp:featuredmedia":[{"embeddable":true,"href":"https:\/\/www.ssccalameda.cl\/portal\/wp-json\/wp\/v2\/media\/15898"}],"wp:attachment":[{"href":"https:\/\/www.ssccalameda.cl\/portal\/wp-json\/wp\/v2\/media?parent=15879"}],"wp:term":[{"taxonomy":"category","embeddable":true,"href":"https:\/\/www.ssccalameda.cl\/portal\/wp-json\/wp\/v2\/categories?post=15879"},{"taxonomy":"post_tag","embeddable":true,"href":"https:\/\/www.ssccalameda.cl\/portal\/wp-json\/wp\/v2\/tags?post=15879"}],"curies":[{"name":"wp","href":"https:\/\/api.w.org\/{rel}","templated":true}]}}