{"id":16649,"date":"2024-10-28T09:44:07","date_gmt":"2024-10-28T12:44:07","guid":{"rendered":"https:\/\/www.ssccalameda.cl\/portal\/?p=16649"},"modified":"2024-10-28T09:54:28","modified_gmt":"2024-10-28T12:54:28","slug":"nueva-plana-mayor-2025","status":"publish","type":"post","link":"https:\/\/www.ssccalameda.cl\/portal\/nueva-plana-mayor-2025\/","title":{"rendered":"\u00a1Nueva Plana Mayor 2025!"},"content":{"rendered":"\n<p>Con gran entusiasmo, informamos que luego de dos procesos de votaciones, tanto por parte de los estudiantes de IV Medio como de los funcionarios, ha sido elegida la\u00a0<strong>Lista 2<\/strong>\u00a0como nueva Plana Mayor 2025.<\/p>\n\n\n\n<p>Extendemos nuestras felicitaciones a los estudiantes electos:<\/p>\n\n\n\n<ul>\n<li><strong>Catalina Aguilar:<\/strong>&nbsp;Brigadier Mayor<\/li>\n\n\n\n<li><strong>Vicente Castillo:<\/strong>&nbsp;Sub Brigadier Mayor<\/li>\n\n\n\n<li><strong>Renato Vega:<\/strong>&nbsp;Sub Brigadier Mayor Ciclo Mayor<\/li>\n\n\n\n<li><strong>Cristian Ch\u00e1nique:<\/strong>&nbsp;Sub Brigadier Mayor Ciclo Menor<\/li>\n\n\n\n<li><strong>Javiera Quilodr\u00e1n:<\/strong>&nbsp;Sub Brigadier Mayor Ciclo Inicial<\/li>\n<\/ul>\n\n\n\n<p>Como Colegio, queremos felicitar a ambas listas por su entrega y cari\u00f1o a esta tradici\u00f3n. Agradecemos contar con estudiantes que se comprometen con su colegio y los ni\u00f1os y ni\u00f1as m\u00e1s peque\u00f1os de nuestra comunidad escolar.&nbsp;<\/p>\n\n\n\n<figure class=\"wp-block-gallery has-nested-images columns-default is-cropped wp-block-gallery-1 is-layout-flex wp-block-gallery-is-layout-flex\">\n<figure class=\"wp-block-image size-large\"><a href=\"https:\/\/www.ssccalameda.cl\/portal\/wp-content\/uploads\/2024\/10\/Captura-de-Pantalla-2024-10-28-a-las-09.42.28.png\"><img loading=\"lazy\" decoding=\"async\" width=\"1024\" height=\"734\" data-id=\"16650\" src=\"https:\/\/www.ssccalameda.cl\/portal\/wp-content\/uploads\/2024\/10\/Captura-de-Pantalla-2024-10-28-a-las-09.42.28-1024x734.png\" alt=\"\" class=\"wp-image-16650\" srcset=\"https:\/\/www.ssccalameda.cl\/portal\/wp-content\/uploads\/2024\/10\/Captura-de-Pantalla-2024-10-28-a-las-09.42.28-1024x734.png 1024w, https:\/\/www.ssccalameda.cl\/portal\/wp-content\/uploads\/2024\/10\/Captura-de-Pantalla-2024-10-28-a-las-09.42.28-300x215.png 300w, https:\/\/www.ssccalameda.cl\/portal\/wp-content\/uploads\/2024\/10\/Captura-de-Pantalla-2024-10-28-a-las-09.42.28-768x551.png 768w, https:\/\/www.ssccalameda.cl\/portal\/wp-content\/uploads\/2024\/10\/Captura-de-Pantalla-2024-10-28-a-las-09.42.28-1536x1101.png 1536w, https:\/\/www.ssccalameda.cl\/portal\/wp-content\/uploads\/2024\/10\/Captura-de-Pantalla-2024-10-28-a-las-09.42.28.png 1866w\" sizes=\"(max-width: 1024px) 100vw, 1024px\" \/><\/a><\/figure>\n<\/figure>\n","protected":false},"excerpt":{"rendered":"<p>Con gran entusiasmo, informamos que luego de dos procesos de votaciones, tanto por parte de los estudiantes de IV Medio como de los funcionarios, ha sido elegida la\u00a0Lista 2\u00a0como nueva Plana Mayor 2025. Extendemos nuestras felicitaciones a los estudiantes electos: Catalina Aguilar:&nbsp;Brigadier Mayor Vicente Castillo:&nbsp;Sub Brigadier Mayor Renato Vega:&nbsp;Sub Brigadier Mayor Ciclo Mayor Cristian Ch\u00e1nique:&nbsp;Sub &hellip;<\/p>\n","protected":false},"author":5,"featured_media":16650,"comment_status":"closed","ping_status":"closed","sticky":false,"template":"","format":"standard","meta":{"footnotes":""},"categories":[40],"tags":[],"_links":{"self":[{"href":"https:\/\/www.ssccalameda.cl\/portal\/wp-json\/wp\/v2\/posts\/16649"}],"collection":[{"href":"https:\/\/www.ssccalameda.cl\/portal\/wp-json\/wp\/v2\/posts"}],"about":[{"href":"https:\/\/www.ssccalameda.cl\/portal\/wp-json\/wp\/v2\/types\/post"}],"author":[{"embeddable":true,"href":"https:\/\/www.ssccalameda.cl\/portal\/wp-json\/wp\/v2\/users\/5"}],"replies":[{"embeddable":true,"href":"https:\/\/www.ssccalameda.cl\/portal\/wp-json\/wp\/v2\/comments?post=16649"}],"version-history":[{"count":3,"href":"https:\/\/www.ssccalameda.cl\/portal\/wp-json\/wp\/v2\/posts\/16649\/revisions"}],"predecessor-version":[{"id":16653,"href":"https:\/\/www.ssccalameda.cl\/portal\/wp-json\/wp\/v2\/posts\/16649\/revisions\/16653"}],"wp:featuredmedia":[{"embeddable":true,"href":"https:\/\/www.ssccalameda.cl\/portal\/wp-json\/wp\/v2\/media\/16650"}],"wp:attachment":[{"href":"https:\/\/www.ssccalameda.cl\/portal\/wp-json\/wp\/v2\/media?parent=16649"}],"wp:term":[{"taxonomy":"category","embeddable":true,"href":"https:\/\/www.ssccalameda.cl\/portal\/wp-json\/wp\/v2\/categories?post=16649"},{"taxonomy":"post_tag","embeddable":true,"href":"https:\/\/www.ssccalameda.cl\/portal\/wp-json\/wp\/v2\/tags?post=16649"}],"curies":[{"name":"wp","href":"https:\/\/api.w.org\/{rel}","templated":true}]}}