{"id":16657,"date":"2024-10-29T09:02:24","date_gmt":"2024-10-29T12:02:24","guid":{"rendered":"https:\/\/www.ssccalameda.cl\/portal\/?p=16657"},"modified":"2024-10-29T09:02:25","modified_gmt":"2024-10-29T12:02:25","slug":"nuestros-estudiantes-brillaron-en-la-semana-de-las-ciencias","status":"publish","type":"post","link":"https:\/\/www.ssccalameda.cl\/portal\/nuestros-estudiantes-brillaron-en-la-semana-de-las-ciencias\/","title":{"rendered":"\u00a1Nuestros estudiantes brillaron en la Semana de las Ciencias!"},"content":{"rendered":"\n<p>Durante la emocionante Semana de las Ciencias, nuestro colegio se convirti\u00f3 en un gran centro de conocimiento y pasi\u00f3n. Las Olimpiadas del Conocimiento Cient\u00edfico y las Jornadas Cient\u00edficas nos regalaron d\u00edas llenos de aprendizaje y desaf\u00edos.<\/p>\n\n\n\n<p>Con una preparaci\u00f3n dedicada, nuestros estudiantes demostraron sus habilidades y conocimientos en diversas \u00e1reas cient\u00edficas. La competencia fue intensa, pero todos los participantes demostraron un gran compromiso y dedicaci\u00f3n.<\/p>\n\n\n\n<p>\u00a1Queremos extender nuestras m\u00e1s sinceras felicitaciones a los ganadores de las Olimpiadas del Conocimiento Cient\u00edfico!<\/p>\n\n\n\n<figure class=\"wp-block-table\"><table><tbody><tr><td colspan=\"5\">&nbsp;&nbsp;&nbsp;&nbsp;&nbsp;&nbsp;&nbsp;&nbsp;&nbsp;&nbsp;&nbsp;&nbsp;&nbsp;&nbsp;&nbsp;&nbsp;&nbsp;&nbsp;&nbsp;&nbsp;&nbsp;&nbsp;&nbsp;&nbsp;&nbsp;&nbsp;&nbsp;Ganadores O.C.C. ( XXI Olimpiadas de Conocimiento Cient\u00edfico 2024)<\/td><\/tr><tr><td><\/td><td><\/td><td><\/td><td><\/td><td><\/td><\/tr><tr><td>Curso<\/td><td>Nombre<\/td><td>Primer Apellido<\/td><td>Segundo Apellido<\/td><td>Asignatura<\/td><\/tr><tr><td>5\u00b0 B\u00e1sico A&nbsp;<\/td><td>Matilde&nbsp;<\/td><td>Ordu\u00f1a&nbsp;<\/td><td>D\u00edaz&nbsp;<\/td><td>Ciencias Naturales<\/td><\/tr><tr><td>5\u00b0 B\u00e1sico A&nbsp;<\/td><td>Amaya&nbsp;<\/td><td>Osses&nbsp;<\/td><td>Carre\u00f1o&nbsp;<\/td><td>Ciencias Naturales<\/td><\/tr><tr><td>6\u00b0 B\u00e1sico A<\/td><td>Mart\u00edn&nbsp;<\/td><td>Riesco<\/td><td>D\u00edaz&nbsp;<\/td><td>Ciencias Naturales<\/td><\/tr><tr><td>6\u00b0 B\u00e1sico A<\/td><td>Gabriel&nbsp;<\/td><td>Mu\u00f1oz&nbsp;<\/td><td>Saavedra&nbsp;<\/td><td>Ciencias Naturales<\/td><\/tr><tr><td>7\u00b0 B\u00e1sico C<\/td><td>Alessia<\/td><td>Galimberti&nbsp;<\/td><td>Valencia&nbsp;<\/td><td>Ciencias Naturales<\/td><\/tr><tr><td>7\u00b0 B\u00e1sico C<\/td><td>Juli\u00e1n&nbsp;<\/td><td>Nievas&nbsp;<\/td><td>V\u00e1squez&nbsp;<\/td><td>Ciencias Naturales<\/td><\/tr><tr><td>8\u00b0 B\u00e1sico D<\/td><td>Catalina<\/td><td>Acu\u00f1a&nbsp;<\/td><td>Morales&nbsp;<\/td><td>Ciencias Naturales<\/td><\/tr><tr><td>8\u00b0 B\u00e1sico D<\/td><td>Andr\u00e9s&nbsp;<\/td><td>Pino&nbsp;<\/td><td>Castillo&nbsp;<\/td><td>Ciencias Naturales<\/td><\/tr><tr><td>I Medio D<\/td><td>Juan Pablo&nbsp;<\/td><td>Cruces&nbsp;<\/td><td>Pol\u00edc&nbsp;<\/td><td>Qu\u00edmica<\/td><\/tr><tr><td>I Medio D<\/td><td>Sof\u00eda&nbsp;<\/td><td>Vega&nbsp;<\/td><td>Marambio<\/td><td>Qu\u00edmica<\/td><\/tr><tr><td>II Medio A<\/td><td>Mauricio&nbsp;<\/td><td>Pastene&nbsp;<\/td><td>C\u00e1ceres&nbsp;<\/td><td>Qu\u00edmica<\/td><\/tr><tr><td>II Medio A<\/td><td>Gustavo&nbsp;<\/td><td>Ochoa&nbsp;<\/td><td>Morales&nbsp;<\/td><td>Qu\u00edmica<\/td><\/tr><tr><td>III Medio D&nbsp;<\/td><td>Emilia&nbsp;<\/td><td>Mansuy<\/td><td>B\u00e1ez<\/td><td>Qu\u00edmica<\/td><\/tr><tr><td>III Medio D&nbsp;<\/td><td>Mat\u00edas<\/td><td>Narea<\/td><td>V\u00e1squez&nbsp;<\/td><td>Qu\u00edmica&nbsp;<\/td><\/tr><tr><td>IV Medio A<\/td><td>Francisco&nbsp;<\/td><td>Matus&nbsp;<\/td><td>Cruzat&nbsp;<\/td><td>Qu\u00edmica&nbsp;<\/td><\/tr><tr><td>IV Medio A<\/td><td>Amparo&nbsp;<\/td><td>Sep\u00falveda&nbsp;<\/td><td>G\u00f3mez&nbsp;<\/td><td>Qu\u00edmica<\/td><\/tr><tr><td>I Medio D<\/td><td>Fern\u00e1nda&nbsp;<\/td><td>L\u00f3pez&nbsp;<\/td><td>Zamorano<\/td><td>Biolog\u00eda<\/td><\/tr><tr><td>I Medio D<\/td><td>Emilia&nbsp;<\/td><td>Zamora&nbsp;<\/td><td>Sandoval&nbsp;<\/td><td>Biolog\u00eda<\/td><\/tr><tr><td>II Medio D<\/td><td>Josefa&nbsp;<\/td><td>Rodr\u00edguez&nbsp;<\/td><td>Cornejo<\/td><td>Biolog\u00eda<\/td><\/tr><tr><td>II Medio D<\/td><td>Emilia&nbsp;<\/td><td>Ruhe<\/td><td>Roa<\/td><td>Biolog\u00eda<\/td><\/tr><tr><td>III Medio C<\/td><td>Josefa&nbsp;<\/td><td>Orfali<\/td><td>L\u00f3pez<\/td><td>Biolog\u00eda<\/td><\/tr><tr><td>III Medio&nbsp;<\/td><td>Catalina<\/td><td>Parraguez<\/td><td>P\u00e9rez<\/td><td>Biolog\u00eda<\/td><\/tr><tr><td>IV Medio B<\/td><td>Camila<\/td><td>Rojas<\/td><td>Urso<\/td><td>Biolog\u00eda<\/td><\/tr><tr><td>IV Medio B<\/td><td>Bernardita&nbsp;<\/td><td>Morales&nbsp;<\/td><td>Herrera&nbsp;<\/td><td>Biolog\u00eda<\/td><\/tr><tr><td>I Medio D<\/td><td>Constanza&nbsp;<\/td><td>Gonz\u00e1lez&nbsp;<\/td><td>Montenegro<\/td><td>F\u00edsica<\/td><\/tr><tr><td>I Medio D<\/td><td>Emilia&nbsp;<\/td><td>Vergara<\/td><td>Carmona<\/td><td>F\u00edsica<\/td><\/tr><tr><td>II Medio B<\/td><td>Gonzalo<\/td><td>Matus&nbsp;<\/td><td>Matta<\/td><td>F\u00edsica<\/td><\/tr><tr><td>II Medio B<\/td><td>Benjam\u00edn&nbsp;<\/td><td>Navarro<\/td><td>Herrera&nbsp;<\/td><td>F\u00edsica<\/td><\/tr><tr><td>III Medio B<\/td><td>Rafael<\/td><td>Torres<\/td><td>Sierra<\/td><td>F\u00edsica<\/td><\/tr><tr><td>III Medio B<\/td><td>Vicente<\/td><td>Castillo<\/td><td>D\u00edaz&nbsp;<\/td><td>F\u00edsica&nbsp;<\/td><\/tr><tr><td>IV Medio C<\/td><td>Sof\u00eda&nbsp;<\/td><td>Burgos&nbsp;<\/td><td>Jara<\/td><td>F\u00edsica<\/td><\/tr><tr><td>IV Medio C<\/td><td>Benjam\u00edn&nbsp;<\/td><td>Guajardo<\/td><td>Vargas&nbsp;<\/td><td>F\u00edsica<\/td><\/tr><\/tbody><\/table><\/figure>\n\n\n\n<p>Asimismo, felicitamos a los talentosos estudiantes que destacaron en las Jornadas Cient\u00edficas:<\/p>\n\n\n\n<figure class=\"wp-block-table\"><table><tbody><tr><td colspan=\"3\">Premiaci\u00f3n Jornadas <br>Cient\u00edficas\u00a0\u00a02023<\/td><td><\/td><td><\/td><td><\/td><\/tr><tr><td><\/td><td><\/td><td><\/td><td><\/td><td><\/td><td><\/td><\/tr><tr><td>Nivel<\/td><td>Lugar<\/td><td>Nombre<\/td><td>Primer Apellido<\/td><td>Segundo Apellido<\/td><td>Nombre del Proyecto<\/td><\/tr><tr><td>E. Media<\/td><td>1\u00b0<\/td><td>Maite<\/td><td>Burgos<\/td><td>Castillo<\/td><td>El Estr\u00e9s afecta negativamente la Memoria<\/td><\/tr><tr><td>E. Media<\/td><td>1\u00b0<\/td><td>Franco<\/td><td>Valenzuela<\/td><td>Letelier<\/td><td>El Estr\u00e9s afecta negativamente la Memoria<\/td><\/tr><tr><td>E. Media<\/td><td>1\u00b0<\/td><td>Vicente<\/td><td>Rodr\u00edguez<\/td><td>Bustamante<\/td><td>El Estr\u00e9s afecta negativamente la Memoria<\/td><\/tr><tr><td>E. Media<\/td><td>2\u00b0<\/td><td>Catalina<\/td><td>Parraguez<\/td><td>P\u00e9rez<\/td><td>Fuente Infinita<\/td><\/tr><tr><td>E. Media<\/td><td>2\u00b0<\/td><td>Francisca&nbsp;<\/td><td>Canelo<\/td><td>Contreras<\/td><td>Fuente Infinita<\/td><\/tr><tr><td>E. Media<\/td><td>3\u00b0<\/td><td>Carolina<\/td><td>Mallea<\/td><td>Rocha<\/td><td>El Poder de la Qu\u00edmica en tus Manos<\/td><\/tr><tr><td>E. Media<\/td><td>3\u00b0<\/td><td>Carolina<\/td><td>Dagnino<\/td><td>Lienqueo<\/td><td>El Poder de la Qu\u00edmica en tus Manos<\/td><\/tr><tr><td>E. Media<\/td><td>3\u00b0<\/td><td>Amanda<\/td><td>Aguirre<\/td><td>Tapia<\/td><td>El Poder de la Qu\u00edmica en tus Manos<\/td><\/tr><\/tbody><\/table><\/figure>\n\n\n\n<p>Estas actividades nos permiten descubrir y fomentar el talento cient\u00edfico de nuestros estudiantes. \u00a1Estamos muy orgullosos de todos ellos!<\/p>\n\n\n\n<p>Agradecemos a todos los participantes, profesores y organizadores por hacer de esta Semana de las Ciencias una experiencia inolvidable.<\/p>\n\n\n\n<figure class=\"wp-block-gallery has-nested-images columns-default is-cropped wp-block-gallery-1 is-layout-flex wp-block-gallery-is-layout-flex\">\n<figure class=\"wp-block-image size-large\"><a href=\"https:\/\/www.ssccalameda.cl\/portal\/wp-content\/uploads\/2024\/10\/WhatsApp-Image-2024-10-25-at-20.21.59-1.jpeg\"><img loading=\"lazy\" decoding=\"async\" width=\"1024\" height=\"768\" data-id=\"16663\" src=\"https:\/\/www.ssccalameda.cl\/portal\/wp-content\/uploads\/2024\/10\/WhatsApp-Image-2024-10-25-at-20.21.59-1-1024x768.jpeg\" alt=\"\" class=\"wp-image-16663\" srcset=\"https:\/\/www.ssccalameda.cl\/portal\/wp-content\/uploads\/2024\/10\/WhatsApp-Image-2024-10-25-at-20.21.59-1-1024x768.jpeg 1024w, https:\/\/www.ssccalameda.cl\/portal\/wp-content\/uploads\/2024\/10\/WhatsApp-Image-2024-10-25-at-20.21.59-1-300x225.jpeg 300w, https:\/\/www.ssccalameda.cl\/portal\/wp-content\/uploads\/2024\/10\/WhatsApp-Image-2024-10-25-at-20.21.59-1-768x576.jpeg 768w, https:\/\/www.ssccalameda.cl\/portal\/wp-content\/uploads\/2024\/10\/WhatsApp-Image-2024-10-25-at-20.21.59-1-1536x1152.jpeg 1536w, https:\/\/www.ssccalameda.cl\/portal\/wp-content\/uploads\/2024\/10\/WhatsApp-Image-2024-10-25-at-20.21.59-1.jpeg 1600w\" sizes=\"(max-width: 1024px) 100vw, 1024px\" \/><\/a><\/figure>\n\n\n\n<figure class=\"wp-block-image size-large\"><a href=\"https:\/\/www.ssccalameda.cl\/portal\/wp-content\/uploads\/2024\/10\/WhatsApp-Image-2024-10-25-at-20.21.52-1.jpeg\"><img loading=\"lazy\" decoding=\"async\" width=\"768\" height=\"1024\" data-id=\"16661\" src=\"https:\/\/www.ssccalameda.cl\/portal\/wp-content\/uploads\/2024\/10\/WhatsApp-Image-2024-10-25-at-20.21.52-1-768x1024.jpeg\" alt=\"\" class=\"wp-image-16661\" srcset=\"https:\/\/www.ssccalameda.cl\/portal\/wp-content\/uploads\/2024\/10\/WhatsApp-Image-2024-10-25-at-20.21.52-1-768x1024.jpeg 768w, https:\/\/www.ssccalameda.cl\/portal\/wp-content\/uploads\/2024\/10\/WhatsApp-Image-2024-10-25-at-20.21.52-1-225x300.jpeg 225w, https:\/\/www.ssccalameda.cl\/portal\/wp-content\/uploads\/2024\/10\/WhatsApp-Image-2024-10-25-at-20.21.52-1-1152x1536.jpeg 1152w, https:\/\/www.ssccalameda.cl\/portal\/wp-content\/uploads\/2024\/10\/WhatsApp-Image-2024-10-25-at-20.21.52-1.jpeg 1200w\" sizes=\"(max-width: 768px) 100vw, 768px\" \/><\/a><\/figure>\n\n\n\n<figure class=\"wp-block-image size-large\"><a href=\"https:\/\/www.ssccalameda.cl\/portal\/wp-content\/uploads\/2024\/10\/WhatsApp-Image-2024-10-25-at-17.15.03-1.jpeg\"><img loading=\"lazy\" decoding=\"async\" width=\"1024\" height=\"768\" data-id=\"16662\" src=\"https:\/\/www.ssccalameda.cl\/portal\/wp-content\/uploads\/2024\/10\/WhatsApp-Image-2024-10-25-at-17.15.03-1-1024x768.jpeg\" alt=\"\" class=\"wp-image-16662\" srcset=\"https:\/\/www.ssccalameda.cl\/portal\/wp-content\/uploads\/2024\/10\/WhatsApp-Image-2024-10-25-at-17.15.03-1-1024x768.jpeg 1024w, https:\/\/www.ssccalameda.cl\/portal\/wp-content\/uploads\/2024\/10\/WhatsApp-Image-2024-10-25-at-17.15.03-1-300x225.jpeg 300w, https:\/\/www.ssccalameda.cl\/portal\/wp-content\/uploads\/2024\/10\/WhatsApp-Image-2024-10-25-at-17.15.03-1-768x576.jpeg 768w, https:\/\/www.ssccalameda.cl\/portal\/wp-content\/uploads\/2024\/10\/WhatsApp-Image-2024-10-25-at-17.15.03-1.jpeg 1280w\" sizes=\"(max-width: 1024px) 100vw, 1024px\" \/><\/a><\/figure>\n<\/figure>\n","protected":false},"excerpt":{"rendered":"<p>Durante la emocionante Semana de las Ciencias, nuestro colegio se convirti\u00f3 en un gran centro de conocimiento y pasi\u00f3n. Las Olimpiadas del Conocimiento Cient\u00edfico y las Jornadas Cient\u00edficas nos regalaron d\u00edas llenos de aprendizaje y desaf\u00edos. Con una preparaci\u00f3n dedicada, nuestros estudiantes demostraron sus habilidades y conocimientos en diversas \u00e1reas cient\u00edficas. La competencia fue intensa, &hellip;<\/p>\n","protected":false},"author":5,"featured_media":16660,"comment_status":"closed","ping_status":"closed","sticky":false,"template":"","format":"standard","meta":{"footnotes":""},"categories":[40],"tags":[],"_links":{"self":[{"href":"https:\/\/www.ssccalameda.cl\/portal\/wp-json\/wp\/v2\/posts\/16657"}],"collection":[{"href":"https:\/\/www.ssccalameda.cl\/portal\/wp-json\/wp\/v2\/posts"}],"about":[{"href":"https:\/\/www.ssccalameda.cl\/portal\/wp-json\/wp\/v2\/types\/post"}],"author":[{"embeddable":true,"href":"https:\/\/www.ssccalameda.cl\/portal\/wp-json\/wp\/v2\/users\/5"}],"replies":[{"embeddable":true,"href":"https:\/\/www.ssccalameda.cl\/portal\/wp-json\/wp\/v2\/comments?post=16657"}],"version-history":[{"count":1,"href":"https:\/\/www.ssccalameda.cl\/portal\/wp-json\/wp\/v2\/posts\/16657\/revisions"}],"predecessor-version":[{"id":16664,"href":"https:\/\/www.ssccalameda.cl\/portal\/wp-json\/wp\/v2\/posts\/16657\/revisions\/16664"}],"wp:featuredmedia":[{"embeddable":true,"href":"https:\/\/www.ssccalameda.cl\/portal\/wp-json\/wp\/v2\/media\/16660"}],"wp:attachment":[{"href":"https:\/\/www.ssccalameda.cl\/portal\/wp-json\/wp\/v2\/media?parent=16657"}],"wp:term":[{"taxonomy":"category","embeddable":true,"href":"https:\/\/www.ssccalameda.cl\/portal\/wp-json\/wp\/v2\/categories?post=16657"},{"taxonomy":"post_tag","embeddable":true,"href":"https:\/\/www.ssccalameda.cl\/portal\/wp-json\/wp\/v2\/tags?post=16657"}],"curies":[{"name":"wp","href":"https:\/\/api.w.org\/{rel}","templated":true}]}}