{"id":16837,"date":"2024-11-22T12:52:44","date_gmt":"2024-11-22T15:52:44","guid":{"rendered":"https:\/\/www.ssccalameda.cl\/portal\/?p=16837"},"modified":"2024-11-22T15:14:31","modified_gmt":"2024-11-22T18:14:31","slug":"ceremonia-de-licenciatura-2024-adios-queridos-estudiantes","status":"publish","type":"post","link":"https:\/\/www.ssccalameda.cl\/portal\/ceremonia-de-licenciatura-2024-adios-queridos-estudiantes\/","title":{"rendered":"Ceremonia de Licenciatura 2024: Adi\u00f3s, queridos estudiantes"},"content":{"rendered":"\n<p>El viernes 15 de noviembre, nuestros estudiantes de cuarto medio, los \u00abcuartinos\u00bb, tuvieron su ceremonia de cierre, en la que se dieron a conocer los logros obtenidos durante su paso por el colegio, y se reconocieron distintos aspectos de su vida en esta instituci\u00f3n. <\/p>\n\n\n\n<p><strong><strong>PREMIO\u00a0AL\u00a0MEJOR\u00a0COMPA\u00d1ERO O\u00a0COMPA\u00d1ERA:<\/strong><\/strong><\/p>\n\n\n\n<figure class=\"wp-block-table\"><table><tbody><tr><td>IV\u00baA<\/td><td><strong>MART\u00cdN ZAMORANO AGUAYO<\/strong><\/td><\/tr><tr><td>IV\u00baB<\/td><td><strong>&nbsp;<\/strong><strong>AGUST\u00cdN AHUMADA LOZANO<\/strong><\/td><\/tr><tr><td>IV\u00baC<\/td><td><strong>FRANCISCA TOLEDO LAV\u00cdN<\/strong><\/td><\/tr><tr><td>IV\u00baD<\/td><td><strong>CONSTANZA VANJOREK TORO<\/strong><\/td><\/tr><\/tbody><\/table><figcaption class=\"wp-element-caption\"><strong>PREMIO\u00a0AL\u00a0RENDIMIENTO\u00a0ACAD\u00c9MICO<\/strong>:<\/figcaption><\/figure>\n\n\n\n<figure class=\"wp-block-table\"><table><tbody><tr><td>IV\u00baA<\/td><td><strong>VICENTE RODR\u00cdGUEZ CARRE\u00d1O<\/strong><strong>PAULINA SABALLA CONCHA<\/strong><strong>DANIELA AGUAYO CARO<\/strong><strong>&nbsp;<\/strong><strong>&nbsp;<\/strong><\/td><\/tr><tr><td>IV\u00baB<\/td><td><strong>&nbsp;<\/strong><strong>&nbsp;&nbsp;&nbsp;&nbsp;&nbsp;&nbsp;&nbsp;&nbsp;&nbsp;&nbsp;&nbsp;&nbsp;<\/strong><strong>IGNACIO ESCUDERO VALENZUELA<\/strong><strong>FRANCISCO SOTO SANHUEZA<\/strong><strong>&nbsp;&nbsp;&nbsp;&nbsp;&nbsp;&nbsp;&nbsp;&nbsp;&nbsp;&nbsp;&nbsp;&nbsp;&nbsp;&nbsp;&nbsp;&nbsp;&nbsp;CARLA BUSTAMANTE V\u00c9LIZ<\/strong><strong>&nbsp;<\/strong><strong>&nbsp;<\/strong><\/td><\/tr><tr><td>IV\u00baC<\/td><td><strong>ANTONIA FICA&nbsp;CUEVAS<\/strong><strong>FRANCISCA TOLEDO LAV\u00cdN<\/strong><strong>SOF\u00cdA BURGOS JARA<\/strong><strong>&nbsp;<\/strong><\/td><\/tr><tr><td>IV\u00baD<\/td><td><strong>MARTINA MELI\u00c1N CASTILLO<\/strong><strong>CONSTANZA ROBLES SALINAS<\/strong><strong>MYL\u00c9NE ENGBERSEN RUBIO<\/strong><strong>MATILDE ESPINOZAVIVES<\/strong><strong>&nbsp;<\/strong><strong>&nbsp;<\/strong><\/td><\/tr><\/tbody><\/table><figcaption class=\"wp-element-caption\"><strong>PREMIO\u00a0PASTORAL<\/strong>:<\/figcaption><\/figure>\n\n\n\n<figure class=\"wp-block-table\"><table><tbody><tr><td>IV\u00baA<\/td><td><strong>MAR\u00cdA JOS\u00c9 ROJAS MORENO<\/strong><\/td><\/tr><tr><td>IV\u00baB<\/td><td><strong>MAR\u00cdA PAZ MU\u00d1OZ MU\u00d1OZ<\/strong><\/td><\/tr><tr><td>IV\u00baC<\/td><td><strong>FLORENCIA ROJAS MOYA<\/strong><\/td><\/tr><tr><td>IV\u00baD<\/td><td><strong>&nbsp;<\/strong><strong>FRANCISCA MEDINA SCANDA<\/strong><\/td><\/tr><\/tbody><\/table><figcaption class=\"wp-element-caption\"><strong>PREMIO COLEGIO DE LOS SAGRADOS CORAZONES<\/strong>:<\/figcaption><\/figure>\n\n\n\n<figure class=\"wp-block-table\"><table><tbody><tr><td><strong>IV\u00baA<\/strong><\/td><td><strong>FRANCISCA ASTORGA PIZARRO<\/strong><\/td><\/tr><tr><td><strong>IV\u00baB<\/strong><\/td><td><strong>FRANCISCA DOMANGE HERRERA<\/strong><\/td><\/tr><tr><td><strong>IV\u00baC<\/strong><\/td><td><strong>FLORENCIA ROJAS MOYA<\/strong><\/td><\/tr><tr><td><strong>IV\u00baD<\/strong><\/td><td><strong>MYL\u00c9NE ENGBERSEN RUBIO<\/strong><\/td><\/tr><\/tbody><\/table><figcaption class=\"wp-element-caption\"><strong>PREMIO A LOS 14 A\u00d1OS<\/strong>:<\/figcaption><\/figure>\n\n\n\n<figure class=\"wp-block-table\"><table><tbody><tr><td>Nombre<\/td><td>Apellido Paterno<\/td><td>Apellido Materno<\/td><\/tr><tr><td>&nbsp;<\/td><td>&nbsp;<\/td><td>&nbsp;<\/td><\/tr><tr><td>Daniela<\/td><td>Aguayo<\/td><td>Caro<\/td><\/tr><tr><td>Oscar<\/td><td>Aguirre<\/td><td>Oyarzo<\/td><\/tr><tr><td>Benjam\u00edn<\/td><td>Arriagada<\/td><td>Moreno<\/td><\/tr><tr><td>Francisca<\/td><td>Astorga<\/td><td>Pizarro<\/td><\/tr><tr><td>Benjam\u00edn<\/td><td>Atenas<\/td><td>Quiroz<\/td><\/tr><tr><td>Daniela<\/td><td>Benavente<\/td><td>Apablaza<\/td><\/tr><tr><td>Carla<\/td><td>Bustamante<\/td><td>V\u00e9liz<\/td><\/tr><tr><td>Alejandra<\/td><td>Calder\u00f3n<\/td><td>Seguel<\/td><\/tr><tr><td>Simona<\/td><td>Carrasco<\/td><td>Dreckmann<\/td><\/tr><tr><td>Vicente<\/td><td>Castro<\/td><td>Villal\u00f3n<\/td><\/tr><tr><td>Alonso<\/td><td>Catrileo<\/td><td>Cartagena<\/td><\/tr><tr><td>Agustina<\/td><td>del Campo<\/td><td>Rozas<\/td><\/tr><tr><td>Francisca<\/td><td>Domange<\/td><td>Herrera<\/td><\/tr><tr><td>Diego<\/td><td>Donoso<\/td><td>Lillo<\/td><\/tr><tr><td>Ignacio<\/td><td>Escudero<\/td><td>Valenzuela<\/td><\/tr><tr><td>Florencia<\/td><td>Espinoza<\/td><td>D\u00edaz<\/td><\/tr><tr><td>Matilde<\/td><td>Espinoza<\/td><td>Vives<\/td><\/tr><tr><td>Ignacio<\/td><td>Fern\u00e1ndez<\/td><td>Saavedra<\/td><\/tr><tr><td>Antonia<\/td><td>Fica<\/td><td>Cuevas<\/td><\/tr><tr><td>V\u00edctor<\/td><td>G\u00f3mez<\/td><td>Urra<\/td><\/tr><tr><td>Francisca<\/td><td>Gonz\u00e1lez<\/td><td>Salazar<\/td><\/tr><tr><td>Juan Pablo<\/td><td>Granadino<\/td><td>L\u00f3pez<\/td><\/tr><tr><td>Benjamin<\/td><td>Guajardo<\/td><td>Vargas<\/td><\/tr><tr><td>Vicente<\/td><td>Infante<\/td><td>C\u00e1diz<\/td><\/tr><tr><td>Patricio<\/td><td>Lled\u00f3<\/td><td>Olmedo<\/td><\/tr><tr><td>Camila<\/td><td>L\u00f3pez<\/td><td>Barraza<\/td><\/tr><tr><td>Emilia<\/td><td>Maldonado<\/td><td>Acu\u00f1a<\/td><\/tr><tr><td>Fernando<\/td><td>Mateluna<\/td><td>Carrasco<\/td><\/tr><tr><td>Francisco<\/td><td>Matus<\/td><td>Cruzat<\/td><\/tr><tr><td>Francisca<\/td><td>Medina<\/td><td>Scanda<\/td><\/tr><tr><td>Martina<\/td><td>Meli\u00e1n<\/td><td>Castillo<\/td><\/tr><tr><td>Pablo<\/td><td>Moreno<\/td><td>Contardo<\/td><\/tr><tr><td>Maria Paz<\/td><td>Mu\u00f1oz<\/td><td>Mu\u00f1oz<\/td><\/tr><tr><td>Rodrigo<\/td><td>Orellana<\/td><td>Peralta<\/td><\/tr><tr><td>Antonia<\/td><td>Palacios<\/td><td>C\u00e1rdenas<\/td><\/tr><tr><td>Ricardo<\/td><td>Pinchetti<\/td><td>Pizarro<\/td><\/tr><tr><td>Emilia<\/td><td>Quilodr\u00e1n<\/td><td>Herrera<\/td><\/tr><tr><td>Alvaro<\/td><td>Quintero<\/td><td>L\u00f3pez<\/td><\/tr><tr><td>Lucas<\/td><td>Rivas<\/td><td>Caceres<\/td><\/tr><tr><td>Fernanda<\/td><td>Rivera<\/td><td>Zenteno<\/td><\/tr><tr><td>Florencia<\/td><td>Robles<\/td><td>Grassau<\/td><\/tr><tr><td>Vicente<\/td><td>Rodr\u00edguez<\/td><td>Carre\u00f1o<\/td><\/tr><tr><td>Clemente<\/td><td>Rojas<\/td><td>Acu\u00f1a<\/td><\/tr><tr><td>Francisco<\/td><td>San Mart\u00edn<\/td><td>Valenzuela<\/td><\/tr><tr><td>Amparo<\/td><td>Sep\u00falveda<\/td><td>G\u00f3mez<\/td><\/tr><tr><td>Felipe<\/td><td>Sep\u00falveda<\/td><td>Lineros<\/td><\/tr><tr><td>Maximiliano<\/td><td>Silva<\/td><td>C\u00e1rdenas<\/td><\/tr><tr><td>Carolina<\/td><td>Tapia<\/td><td>Maluenda<\/td><\/tr><tr><td>Joaqu\u00edn<\/td><td>Valdebenito<\/td><td>Z\u00fa\u00f1iga<\/td><\/tr><tr><td>Valentina<\/td><td>Valencia<\/td><td>Mu\u00f1oz<\/td><\/tr><tr><td>Catalina<\/td><td>V\u00e1squez<\/td><td>Bautista<\/td><\/tr><tr><td>Catalina<\/td><td>V\u00e1squez<\/td><td>Daccarett<\/td><\/tr><tr><td>Catalina<\/td><td>Vega<\/td><td>Fern\u00e1ndez<\/td><\/tr><tr><td>Amparo<\/td><td>Vergara<\/td><td>Zapata<\/td><\/tr><tr><td>Nicolas<\/td><td>Z\u00fa\u00f1iga<\/td><td>Carrasco<\/td><\/tr><tr><td>Camilo<\/td><td>Z\u00fa\u00f1iga<\/td><td>G\u00e1lvez<\/td><\/tr><\/tbody><\/table><figcaption class=\"wp-element-caption\"><strong>PREMIO\u00a0TRAYECTORIA\u00a0PASTORAL:<\/strong><\/figcaption><\/figure>\n\n\n\n<p><strong>DANIELA AGUAYO CARO&nbsp;<\/strong><\/p>\n\n\n\n<p><strong>FRANCISCA ASTORGA PIZARRO&nbsp;<\/strong><\/p>\n\n\n\n<p><strong>DANIELA BENAVENTE APABLAZA&nbsp;<\/strong><\/p>\n\n\n\n<p><strong>MAR\u00cdA JOS\u00c9 ROJAS MORENO<\/strong><\/p>\n\n\n\n<p><strong>PREMIO\u00a0AL\u00a0MEJOR\u00a0RENDIMIENTO\u00a0ACAD\u00c9MICO\u00a0DE LA PROMOCI\u00d3N<\/strong><\/p>\n\n\n\n<p>Con&nbsp;un&nbsp;promedio&nbsp;final de&nbsp;7.0&nbsp;durante&nbsp;toda&nbsp;la&nbsp;Educaci\u00f3n&nbsp;&nbsp;&nbsp;&nbsp;&nbsp;&nbsp;&nbsp;&nbsp;Media, recibe el reconocimiento el(la) alumno(a) del IV\u00b0&nbsp;Medio&nbsp;\u201dB\u201d,&nbsp;se\u00f1or\u2026<\/p>\n\n\n\n<p><strong>IGNACIO ESCUDERO VALENZUELA<\/strong><\/p>\n\n\n\n<p><strong>PREMIOS\u00a0POR\u00a0\u00c1REAS\u00a0ACAD\u00c9MICAS<\/strong>:<\/p>\n\n\n\n<p><strong>Con un fuerte aplauso, recibe el<\/strong><\/p>\n\n\n\n<p><strong>PREMIO AL \u00c1REA HUMANISTA&nbsp;<\/strong><\/p>\n\n\n\n<p><strong>\u201cD\u00c1LIBOR ATLAGICH GARC\u00cdA\u201d,<br>MENCI\u00d3N HISTORIA<\/strong><\/p>\n\n\n\n<p><strong>la&nbsp;estudiante:<\/strong><\/p>\n\n\n\n<p><strong>FRANCISCA TOLEDO LAV\u00cdN<\/strong><\/p>\n\n\n\n<p><strong>&nbsp;&nbsp;&nbsp;&nbsp;&nbsp;&nbsp;&nbsp;&nbsp;&nbsp;&nbsp;&nbsp;&nbsp;&nbsp;&nbsp;&nbsp;&nbsp;&nbsp;&nbsp;&nbsp;&nbsp;&nbsp;&nbsp;&nbsp;&nbsp;&nbsp;&nbsp;<\/strong>&nbsp;&nbsp;&nbsp;&nbsp;&nbsp;del IV\u00ba Medio \u201cC\u201d<\/p>\n\n\n\n<p><strong>PREMIO&nbsp;AL&nbsp;\u00c1REA&nbsp;HUMANISTA<\/strong><\/p>\n\n\n\n<p><strong>MENCI\u00d3N LENGUAJE<\/strong><\/p>\n\n\n\n<p><strong>Obtiene&nbsp;este&nbsp;premio&nbsp;la&nbsp;estudiante:<\/strong><\/p>\n\n\n\n<p><strong>IGNACIA ASTORGA CRUZAT<\/strong><\/p>\n\n\n\n<p><strong>del IV\u00ba Medio \u201cB\u201d<\/strong><\/p>\n\n\n\n<p><strong>PREMIO&nbsp;AL&nbsp;\u00c1REA&nbsp;MATEM\u00c1TICA<\/strong><\/p>\n\n\n\n<p><strong>Recibe&nbsp;este&nbsp;premio&nbsp;el&nbsp;estudiante:<\/strong><\/p>\n\n\n\n<p><strong>GABRIEL SEP\u00daLVEDA PALACIOS<\/strong><\/p>\n\n\n\n<p>del IV Medio \u201cD\u201d<\/p>\n\n\n\n<p><strong>PREMIO&nbsp;AL&nbsp;\u00c1REA&nbsp;CIENT\u00cdFICA<\/strong><\/p>\n\n\n\n<p><strong>Recibe&nbsp;este&nbsp;premio&nbsp;el&nbsp;estudiante:<\/strong><\/p>\n\n\n\n<p><strong>MARTINA MELI\u00c1N CASTILLO<\/strong><\/p>\n\n\n\n<p>del\u00a0IV\u00ba\u00a0Medio\u00a0\u201cD\u201d<\/p>\n\n\n\n<p><strong>PREMIO\u00a0\u00c1REA\u00a0ART\u00cdSTICO\u00a0CULTURAL<\/strong>:<\/p>\n\n\n\n<p><strong>PREMIO&nbsp;\u00c1REA&nbsp;ART\u00cdSTICO&nbsp;CULTURAL<\/strong><\/p>\n\n\n\n<p><strong>\u201cMENCI\u00d3N&nbsp;ARTES\u201d<\/strong><\/p>\n\n\n\n<p><strong>&nbsp;&nbsp;&nbsp;&nbsp;&nbsp;&nbsp;&nbsp;&nbsp;&nbsp;&nbsp;&nbsp;&nbsp;&nbsp;&nbsp;&nbsp;&nbsp;&nbsp;&nbsp;&nbsp;BERNARDITA MORALES HERRERA<\/strong><\/p>\n\n\n\n<p><strong>IV\u00ba&nbsp;MEDIO&nbsp;\u201cB\u201d<\/strong><\/p>\n\n\n\n<p><strong>PREMIO&nbsp;\u00c1REA&nbsp;ART\u00cdSTICO&nbsp;CULTURAL<\/strong><\/p>\n\n\n\n<p><strong>\u201cMENCI\u00d3N&nbsp;M\u00daSICA\u201d<\/strong><\/p>\n\n\n\n<p><strong>JUAN GONZ\u00c1LEZ SILVA<\/strong><\/p>\n\n\n\n<p><strong>IV\u00ba&nbsp;MEDIO&nbsp;\u201cD\u201d<\/strong><strong><\/strong><\/p>\n\n\n\n<p><strong>PREMIO&nbsp;\u00c1REA&nbsp;ART\u00cdSTICO&nbsp;CULTURAL<\/strong><\/p>\n\n\n\n<p><strong>&nbsp;<\/strong><strong>\u201cMENCI\u00d3N&nbsp;DANZA\u201d<\/strong><\/p>\n\n\n\n<p><strong>B\u00c1RBARA NU\u00d1EZ \u00c1LVAREZ<\/strong><\/p>\n\n\n\n<p><strong>IV\u00ba&nbsp;MEDIO&nbsp;\u201cC\u201d<\/strong><\/p>\n\n\n\n<p><strong>PREMIO&nbsp;\u00c1REA&nbsp;ART\u00cdSTICO&nbsp;CULTURAL<\/strong><\/p>\n\n\n\n<p><strong>\u201cMENCI\u00d3N&nbsp;TEATRO\u201d<\/strong><\/p>\n\n\n\n<p><strong>SIMONA CARRASCO DRECKMANN<\/strong><strong>IV\u00ba\u00a0MEDIO\u00a0\u201cC\u201d<\/strong><\/p>\n\n\n\n<p><strong>PREMIO\u00a0A\u00a0LOS\u00a0DEPORTISTAS\u00a0DESTACADOS<\/strong>:<\/p>\n\n\n\n<figure class=\"wp-block-table\"><table><tbody><tr><td><strong>ATLETISMO:<\/strong> <strong>FRANCISCO SOTO SANHUEZA (IV\u00baB)<\/strong>\u00a0<br><strong>VOLEYBALL: VALENTINA VALENCIA MU\u00d1OZ\u00a0\u00a0(IV\u00b0A)FRANCISCO MATUS CRUZAT (IV\u00b0A)<\/strong>\u00a0<br><strong>BASQUETBALL: GHISLAINE RIQUELME AVENDA\u00d1O (IV\u00b0 B)CLEMENTE ROJAS ACU\u00d1A (IV\u00b0 C)<\/strong>\u00a0\u00a0<br><strong>F\u00daTBOL:BRUNO LUCINIANI Z\u00da\u00d1IGA (IV\u00b0B)<\/strong>\u00a0<br><strong>GIMNASIA:FRANCISCA DOMANGE HERRERA (IV\u00b0 B)<\/strong><\/td><\/tr><\/tbody><\/table><figcaption class=\"wp-element-caption\"><br><strong>PREMIO AL MEJOR DEPORTISTA<\/strong>, \u201c<strong>PATRICIO MIRANDA SCOTT<\/strong>:<br><strong>FRANCISCO ANDR\u00c9S MATUS CRUZAT<\/strong><\/figcaption><\/figure>\n\n\n\n<p><strong>GRAN&nbsp;PREMIO&nbsp;FUNDACI\u00d3N&nbsp;&nbsp;&nbsp;EDUCACIONAL COLEGIO DE LOSSAGRADOS CORAZONES\u2026<\/strong><\/p>\n\n\n\n<p><strong>El estudiante del IV\u00ba Medio \u201cD\u201d,&nbsp;<\/strong><\/p>\n\n\n\n<p><strong>SR. SAID ANDR\u00c9S ABULIAS DUR\u00c1N<\/strong><\/p>\n\n\n\n<p>La emotiva ceremonia estuvo marcada por las palabras de nuestra rectora, Mar\u00eda Virginia Rojas Acu\u00f1a, quien les deseo lo mejor a cada estudiante que dej\u00f3 las aulas este 2024:<\/p>\n\n\n\n<p>\u00abEnse\u00f1ar\u00e1s a volar, pero no volar\u00e1n tu vuelo.<\/p>\n\n\n\n<p>Ense\u00f1ar\u00e1s a so\u00f1ar, pero no so\u00f1ar\u00e1n tu sue\u00f1o.<\/p>\n\n\n\n<p>Ense\u00f1ar\u00e1s a vivir, pero no vivir\u00e1n tu vida.<\/p>\n\n\n\n<p>Sin embargo&#8230; en cada vuelo, en cada vida,<\/p>\n\n\n\n<p>en cada sue\u00f1o, perdurar\u00e1 siempre la huella<\/p>\n\n\n\n<p>del camino ense\u00f1ado.<\/p>\n\n\n\n<p>Hoy, acu\u00f1o las palabras de Sor Teresa de Calcuta como si fueran m\u00edas para expresar lo que hoy vivimos como Comunidad Educativa. Y es que creo que interpretan el sentir profundo de un educador(a)\u2026 de un profesor o profesora cuya vocaci\u00f3n est\u00e1 en entregar lo mejor de s\u00ed, para ver a otros crecer y vivir profundamente.&nbsp;<\/p>\n\n\n\n<p>Me atrevo a decir tambi\u00e9n, que es el sentir de los padres y madres hoy presentes, quienes han dedicado su vida a que ustedes, sus hijos e hijas, puedan desarrollarse integralmente, y convertirse en las personas que son hoy.&nbsp;<\/p>\n\n\n\n<p>\u00bfQu\u00e9 marcan los Sagrados Corazones de Jes\u00fas y de Mar\u00eda?, \u00bfQu\u00e9 vivencias en estas centenarias paredes guardan en lo m\u00e1s profundo de su ser, que se convierten en parte de sus almas?<\/p>\n\n\n\n<p>No son los mismos que entraron por primera vez por estas puertas hace varios a\u00f1os atr\u00e1s. Sin duda han crecido tanto f\u00edsica, como mental y espiritualmente, de una forma particular: No da lo mismo crecer en cualquier instituci\u00f3n, y eso t\u00e9nganlo siempre presente.&nbsp;<\/p>\n\n\n\n<p>Ustedes se han forjado en la espiritualidad de los Sagrados Corazones, con las tradiciones y valores que lo hacen \u00fanico, con las experiencias excepcionales que han vivido en este lugar.&nbsp;<\/p>\n\n\n\n<p>Han aprendido de hermanos mayores sobre la bondad y la responsabilidad. De sus educadores, las \u201cletras, la ciencia y la virtud\u201d que requerir\u00e1n m\u00e1s adelante para cumplir todos sus anhelos; de sus pares, la empat\u00eda, humildad y respeto que se deben todos como hijos de Dios Padre, que ama a todos por ser quienes son.&nbsp;<\/p>\n\n\n\n<p>Hoy nos acompa\u00f1an muchas de las personas que han sido parte de su historia. En cada uno de los detalles que ven y vivir\u00e1n est\u00e1 el cari\u00f1o con que hoy los despide su Casa de Estudios. Tenemos entre los asistentes a tres de las educadoras que los recibieron cuando, muy peque\u00f1os, ingresaron al colegio: Las t\u00edas Pilar N\u00fa\u00f1ez, Pilar Guti\u00e9rrez y t\u00eda Georgina Pilquinao, a quienes pido se pongan de pie para recibir el cari\u00f1o de sus ni\u00f1os que hoy dejan las aulas.<\/p>\n\n\n\n<p>El Proyecto Educativo no es inocuo a su paso, ustedes aportan la vida y mantienen estas tradiciones, apropi\u00e1ndose de ellas para seguir marcando la diferencia, para seguir siendo lo que son. Somos un c\u00edrculo virtuoso que se nutre de la historia y del paso del tiempo. Son parte de la historia de un colegio que est\u00e1 cumpliendo 175 a\u00f1os al servicio de la educaci\u00f3n.<\/p>\n\n\n\n<p>Jes\u00fas entreg\u00f3 la vida por sus amigos en la cruz, a la espera de la Resurrecci\u00f3n; es el acto de fe y amor m\u00e1s profundo que ha experimentado la humanidad. Y ese es el acto que inspira una de las frases que m\u00e1s vemos, repetimos y aprendemos en nuestro colegio, y es: HEMOS CRE\u00cdDO EN EL AMOR.&nbsp;<\/p>\n\n\n\n<p>Ustedes son diferentes, porque hemos cre\u00eddo en el acto de amor que engloba todo nuestro actuar y el de sus familias para verlos realizarse de la forma en la que lo hacen el d\u00eda de hoy.&nbsp;<\/p>\n\n\n\n<p>Sean las mejores personas y profesionales, que los d\u00edas nublados los encuentren siempre con una sonrisa y ganas de ayudar al pr\u00f3jimo. Mantengan un coraz\u00f3n limpio, que no guarde rencores ni se cierre a lo nuevo, un coraz\u00f3n joven, como el de Carlo Acutis, que encuentre en Jes\u00fas al amigo incondicional y a Mar\u00eda como Madre. Vayan por la vida con la frente en alto, nunca dejen de aprender y por sobre todo amen a sus familias, son lo m\u00e1s importante con lo que contar\u00e1n siempre.<\/p>\n\n\n\n<p>Queridas familias, gracias por confiar en esta Instituci\u00f3n. Hoy sus hijos e hijas visten por \u00faltima vez el uniforme escolar y ustedes dejan de ser sus apoderados, pero siempre ser\u00e1n sus padres y los seguir\u00e1n acompa\u00f1ando en el camino de la vida.<\/p>\n\n\n\n<p>Queridos profesores, profesoras, inspectores, gracias por la tarea cumplida. Cada estudiante que hoy egresa se lleva algo de ustedes.<\/p>\n\n\n\n<p>Se\u00f1oritas, j\u00f3venes de Cuarto Medio, les deseo lo mejor en este nuevo comienzo, que se sientan orgullosos de sus ra\u00edces, los valores y los aprendizajes logrados y que los Sagrados Corazones de Jes\u00fas y de Mar\u00eda los acompa\u00f1en siempre.&nbsp;<\/p>\n\n\n\n<p>Un abrazo a cada uno de ustedes.\u00bb<\/p>\n\n\n\n<p>PALABRAS DE VIRGINA ACU\u00d1A ROJAS, EN LA LICENCIATURA DE LOS IV MEDIOS. <\/p>\n\n\n\n<figure class=\"wp-block-gallery has-nested-images columns-default is-cropped wp-block-gallery-1 is-layout-flex wp-block-gallery-is-layout-flex\">\n<figure class=\"wp-block-image size-large\"><a href=\"https:\/\/www.ssccalameda.cl\/portal\/wp-content\/uploads\/2024\/11\/IMG_0240-3-scaled.jpg\"><img loading=\"lazy\" decoding=\"async\" width=\"576\" height=\"1024\" data-id=\"16856\" src=\"https:\/\/www.ssccalameda.cl\/portal\/wp-content\/uploads\/2024\/11\/IMG_0240-3-576x1024.jpg\" alt=\"\" class=\"wp-image-16856\" srcset=\"https:\/\/www.ssccalameda.cl\/portal\/wp-content\/uploads\/2024\/11\/IMG_0240-3-576x1024.jpg 576w, https:\/\/www.ssccalameda.cl\/portal\/wp-content\/uploads\/2024\/11\/IMG_0240-3-169x300.jpg 169w, https:\/\/www.ssccalameda.cl\/portal\/wp-content\/uploads\/2024\/11\/IMG_0240-3-768x1365.jpg 768w, https:\/\/www.ssccalameda.cl\/portal\/wp-content\/uploads\/2024\/11\/IMG_0240-3-864x1536.jpg 864w, https:\/\/www.ssccalameda.cl\/portal\/wp-content\/uploads\/2024\/11\/IMG_0240-3-1152x2048.jpg 1152w, https:\/\/www.ssccalameda.cl\/portal\/wp-content\/uploads\/2024\/11\/IMG_0240-3-scaled.jpg 1440w\" sizes=\"(max-width: 576px) 100vw, 576px\" \/><\/a><\/figure>\n\n\n\n<figure class=\"wp-block-image size-large\"><a href=\"https:\/\/www.ssccalameda.cl\/portal\/wp-content\/uploads\/2024\/11\/IMG_0145-scaled.jpg\"><img loading=\"lazy\" decoding=\"async\" width=\"576\" height=\"1024\" data-id=\"16843\" src=\"https:\/\/www.ssccalameda.cl\/portal\/wp-content\/uploads\/2024\/11\/IMG_0145-576x1024.jpg\" alt=\"\" class=\"wp-image-16843\" srcset=\"https:\/\/www.ssccalameda.cl\/portal\/wp-content\/uploads\/2024\/11\/IMG_0145-576x1024.jpg 576w, https:\/\/www.ssccalameda.cl\/portal\/wp-content\/uploads\/2024\/11\/IMG_0145-169x300.jpg 169w, https:\/\/www.ssccalameda.cl\/portal\/wp-content\/uploads\/2024\/11\/IMG_0145-768x1365.jpg 768w, https:\/\/www.ssccalameda.cl\/portal\/wp-content\/uploads\/2024\/11\/IMG_0145-864x1536.jpg 864w, https:\/\/www.ssccalameda.cl\/portal\/wp-content\/uploads\/2024\/11\/IMG_0145-1152x2048.jpg 1152w, https:\/\/www.ssccalameda.cl\/portal\/wp-content\/uploads\/2024\/11\/IMG_0145-scaled.jpg 1440w\" sizes=\"(max-width: 576px) 100vw, 576px\" \/><\/a><\/figure>\n\n\n\n<figure class=\"wp-block-image size-large\"><a href=\"https:\/\/www.ssccalameda.cl\/portal\/wp-content\/uploads\/2024\/11\/IMG_9978-1-scaled.jpg\"><img loading=\"lazy\" decoding=\"async\" width=\"576\" height=\"1024\" data-id=\"16857\" src=\"https:\/\/www.ssccalameda.cl\/portal\/wp-content\/uploads\/2024\/11\/IMG_9978-1-576x1024.jpg\" alt=\"\" class=\"wp-image-16857\" srcset=\"https:\/\/www.ssccalameda.cl\/portal\/wp-content\/uploads\/2024\/11\/IMG_9978-1-576x1024.jpg 576w, https:\/\/www.ssccalameda.cl\/portal\/wp-content\/uploads\/2024\/11\/IMG_9978-1-169x300.jpg 169w, https:\/\/www.ssccalameda.cl\/portal\/wp-content\/uploads\/2024\/11\/IMG_9978-1-768x1365.jpg 768w, https:\/\/www.ssccalameda.cl\/portal\/wp-content\/uploads\/2024\/11\/IMG_9978-1-864x1536.jpg 864w, https:\/\/www.ssccalameda.cl\/portal\/wp-content\/uploads\/2024\/11\/IMG_9978-1-1152x2048.jpg 1152w, https:\/\/www.ssccalameda.cl\/portal\/wp-content\/uploads\/2024\/11\/IMG_9978-1-scaled.jpg 1440w\" sizes=\"(max-width: 576px) 100vw, 576px\" \/><\/a><\/figure>\n\n\n\n<figure class=\"wp-block-image size-large\"><a href=\"https:\/\/www.ssccalameda.cl\/portal\/wp-content\/uploads\/2024\/11\/IMG_9975-scaled.jpg\"><img loading=\"lazy\" decoding=\"async\" width=\"576\" height=\"1024\" data-id=\"16852\" src=\"https:\/\/www.ssccalameda.cl\/portal\/wp-content\/uploads\/2024\/11\/IMG_9975-576x1024.jpg\" alt=\"\" class=\"wp-image-16852\" srcset=\"https:\/\/www.ssccalameda.cl\/portal\/wp-content\/uploads\/2024\/11\/IMG_9975-576x1024.jpg 576w, https:\/\/www.ssccalameda.cl\/portal\/wp-content\/uploads\/2024\/11\/IMG_9975-169x300.jpg 169w, https:\/\/www.ssccalameda.cl\/portal\/wp-content\/uploads\/2024\/11\/IMG_9975-768x1365.jpg 768w, https:\/\/www.ssccalameda.cl\/portal\/wp-content\/uploads\/2024\/11\/IMG_9975-864x1536.jpg 864w, https:\/\/www.ssccalameda.cl\/portal\/wp-content\/uploads\/2024\/11\/IMG_9975-1152x2048.jpg 1152w, https:\/\/www.ssccalameda.cl\/portal\/wp-content\/uploads\/2024\/11\/IMG_9975-scaled.jpg 1440w\" sizes=\"(max-width: 576px) 100vw, 576px\" \/><\/a><\/figure>\n\n\n\n<figure class=\"wp-block-image size-large\"><a href=\"https:\/\/www.ssccalameda.cl\/portal\/wp-content\/uploads\/2024\/11\/IMG_9899-1-scaled.jpg\"><img loading=\"lazy\" decoding=\"async\" width=\"576\" height=\"1024\" data-id=\"16858\" src=\"https:\/\/www.ssccalameda.cl\/portal\/wp-content\/uploads\/2024\/11\/IMG_9899-1-576x1024.jpg\" alt=\"\" class=\"wp-image-16858\" srcset=\"https:\/\/www.ssccalameda.cl\/portal\/wp-content\/uploads\/2024\/11\/IMG_9899-1-576x1024.jpg 576w, https:\/\/www.ssccalameda.cl\/portal\/wp-content\/uploads\/2024\/11\/IMG_9899-1-169x300.jpg 169w, https:\/\/www.ssccalameda.cl\/portal\/wp-content\/uploads\/2024\/11\/IMG_9899-1-768x1365.jpg 768w, https:\/\/www.ssccalameda.cl\/portal\/wp-content\/uploads\/2024\/11\/IMG_9899-1-864x1536.jpg 864w, https:\/\/www.ssccalameda.cl\/portal\/wp-content\/uploads\/2024\/11\/IMG_9899-1-1152x2048.jpg 1152w, https:\/\/www.ssccalameda.cl\/portal\/wp-content\/uploads\/2024\/11\/IMG_9899-1-scaled.jpg 1440w\" sizes=\"(max-width: 576px) 100vw, 576px\" \/><\/a><\/figure>\n\n\n\n<figure class=\"wp-block-image size-large\"><a href=\"https:\/\/www.ssccalameda.cl\/portal\/wp-content\/uploads\/2024\/11\/IMG_9931-scaled.jpg\"><img loading=\"lazy\" decoding=\"async\" width=\"576\" height=\"1024\" data-id=\"16850\" src=\"https:\/\/www.ssccalameda.cl\/portal\/wp-content\/uploads\/2024\/11\/IMG_9931-576x1024.jpg\" alt=\"\" class=\"wp-image-16850\" srcset=\"https:\/\/www.ssccalameda.cl\/portal\/wp-content\/uploads\/2024\/11\/IMG_9931-576x1024.jpg 576w, https:\/\/www.ssccalameda.cl\/portal\/wp-content\/uploads\/2024\/11\/IMG_9931-169x300.jpg 169w, https:\/\/www.ssccalameda.cl\/portal\/wp-content\/uploads\/2024\/11\/IMG_9931-768x1365.jpg 768w, https:\/\/www.ssccalameda.cl\/portal\/wp-content\/uploads\/2024\/11\/IMG_9931-864x1536.jpg 864w, https:\/\/www.ssccalameda.cl\/portal\/wp-content\/uploads\/2024\/11\/IMG_9931-1152x2048.jpg 1152w, https:\/\/www.ssccalameda.cl\/portal\/wp-content\/uploads\/2024\/11\/IMG_9931-scaled.jpg 1440w\" sizes=\"(max-width: 576px) 100vw, 576px\" \/><\/a><\/figure>\n\n\n\n<figure class=\"wp-block-image size-large\"><a href=\"https:\/\/www.ssccalameda.cl\/portal\/wp-content\/uploads\/2024\/11\/IMG_0093-scaled.jpg\"><img loading=\"lazy\" decoding=\"async\" width=\"576\" height=\"1024\" data-id=\"16859\" src=\"https:\/\/www.ssccalameda.cl\/portal\/wp-content\/uploads\/2024\/11\/IMG_0093-576x1024.jpg\" alt=\"\" class=\"wp-image-16859\" srcset=\"https:\/\/www.ssccalameda.cl\/portal\/wp-content\/uploads\/2024\/11\/IMG_0093-576x1024.jpg 576w, https:\/\/www.ssccalameda.cl\/portal\/wp-content\/uploads\/2024\/11\/IMG_0093-169x300.jpg 169w, https:\/\/www.ssccalameda.cl\/portal\/wp-content\/uploads\/2024\/11\/IMG_0093-768x1365.jpg 768w, https:\/\/www.ssccalameda.cl\/portal\/wp-content\/uploads\/2024\/11\/IMG_0093-864x1536.jpg 864w, https:\/\/www.ssccalameda.cl\/portal\/wp-content\/uploads\/2024\/11\/IMG_0093-1152x2048.jpg 1152w, https:\/\/www.ssccalameda.cl\/portal\/wp-content\/uploads\/2024\/11\/IMG_0093-scaled.jpg 1440w\" sizes=\"(max-width: 576px) 100vw, 576px\" \/><\/a><\/figure>\n\n\n\n<figure class=\"wp-block-image size-large\"><a href=\"https:\/\/www.ssccalameda.cl\/portal\/wp-content\/uploads\/2024\/11\/IMG_9876-scaled.jpg\"><img loading=\"lazy\" decoding=\"async\" width=\"576\" height=\"1024\" data-id=\"16848\" src=\"https:\/\/www.ssccalameda.cl\/portal\/wp-content\/uploads\/2024\/11\/IMG_9876-576x1024.jpg\" alt=\"\" class=\"wp-image-16848\" srcset=\"https:\/\/www.ssccalameda.cl\/portal\/wp-content\/uploads\/2024\/11\/IMG_9876-576x1024.jpg 576w, https:\/\/www.ssccalameda.cl\/portal\/wp-content\/uploads\/2024\/11\/IMG_9876-169x300.jpg 169w, https:\/\/www.ssccalameda.cl\/portal\/wp-content\/uploads\/2024\/11\/IMG_9876-768x1365.jpg 768w, https:\/\/www.ssccalameda.cl\/portal\/wp-content\/uploads\/2024\/11\/IMG_9876-864x1536.jpg 864w, https:\/\/www.ssccalameda.cl\/portal\/wp-content\/uploads\/2024\/11\/IMG_9876-1152x2048.jpg 1152w, https:\/\/www.ssccalameda.cl\/portal\/wp-content\/uploads\/2024\/11\/IMG_9876-scaled.jpg 1440w\" sizes=\"(max-width: 576px) 100vw, 576px\" \/><\/a><\/figure>\n\n\n\n<figure class=\"wp-block-image size-large\"><a href=\"https:\/\/www.ssccalameda.cl\/portal\/wp-content\/uploads\/2024\/11\/Captura-de-Pantalla-2024-11-22-a-las-12.44.14.png\"><img loading=\"lazy\" decoding=\"async\" width=\"1024\" height=\"795\" data-id=\"16863\" src=\"https:\/\/www.ssccalameda.cl\/portal\/wp-content\/uploads\/2024\/11\/Captura-de-Pantalla-2024-11-22-a-las-12.44.14-1024x795.png\" alt=\"\" class=\"wp-image-16863\" srcset=\"https:\/\/www.ssccalameda.cl\/portal\/wp-content\/uploads\/2024\/11\/Captura-de-Pantalla-2024-11-22-a-las-12.44.14-1024x795.png 1024w, https:\/\/www.ssccalameda.cl\/portal\/wp-content\/uploads\/2024\/11\/Captura-de-Pantalla-2024-11-22-a-las-12.44.14-300x233.png 300w, https:\/\/www.ssccalameda.cl\/portal\/wp-content\/uploads\/2024\/11\/Captura-de-Pantalla-2024-11-22-a-las-12.44.14-768x596.png 768w, https:\/\/www.ssccalameda.cl\/portal\/wp-content\/uploads\/2024\/11\/Captura-de-Pantalla-2024-11-22-a-las-12.44.14-1536x1192.png 1536w, https:\/\/www.ssccalameda.cl\/portal\/wp-content\/uploads\/2024\/11\/Captura-de-Pantalla-2024-11-22-a-las-12.44.14.png 1590w\" sizes=\"(max-width: 1024px) 100vw, 1024px\" \/><\/a><\/figure>\n\n\n\n<figure class=\"wp-block-image size-large\"><a href=\"https:\/\/www.ssccalameda.cl\/portal\/wp-content\/uploads\/2024\/11\/Captura-de-Pantalla-2024-11-22-a-las-12.44.07.png\"><img loading=\"lazy\" decoding=\"async\" width=\"1024\" height=\"664\" data-id=\"16865\" src=\"https:\/\/www.ssccalameda.cl\/portal\/wp-content\/uploads\/2024\/11\/Captura-de-Pantalla-2024-11-22-a-las-12.44.07-1024x664.png\" alt=\"\" class=\"wp-image-16865\" srcset=\"https:\/\/www.ssccalameda.cl\/portal\/wp-content\/uploads\/2024\/11\/Captura-de-Pantalla-2024-11-22-a-las-12.44.07-1024x664.png 1024w, https:\/\/www.ssccalameda.cl\/portal\/wp-content\/uploads\/2024\/11\/Captura-de-Pantalla-2024-11-22-a-las-12.44.07-300x194.png 300w, https:\/\/www.ssccalameda.cl\/portal\/wp-content\/uploads\/2024\/11\/Captura-de-Pantalla-2024-11-22-a-las-12.44.07-768x498.png 768w, https:\/\/www.ssccalameda.cl\/portal\/wp-content\/uploads\/2024\/11\/Captura-de-Pantalla-2024-11-22-a-las-12.44.07-1536x996.png 1536w, https:\/\/www.ssccalameda.cl\/portal\/wp-content\/uploads\/2024\/11\/Captura-de-Pantalla-2024-11-22-a-las-12.44.07.png 1882w\" sizes=\"(max-width: 1024px) 100vw, 1024px\" \/><\/a><\/figure>\n\n\n\n<figure class=\"wp-block-image size-large\"><a href=\"https:\/\/www.ssccalameda.cl\/portal\/wp-content\/uploads\/2024\/11\/Captura-de-Pantalla-2024-11-22-a-las-12.43.56.png\"><img loading=\"lazy\" decoding=\"async\" width=\"839\" height=\"1024\" data-id=\"16860\" src=\"https:\/\/www.ssccalameda.cl\/portal\/wp-content\/uploads\/2024\/11\/Captura-de-Pantalla-2024-11-22-a-las-12.43.56-839x1024.png\" alt=\"\" class=\"wp-image-16860\" srcset=\"https:\/\/www.ssccalameda.cl\/portal\/wp-content\/uploads\/2024\/11\/Captura-de-Pantalla-2024-11-22-a-las-12.43.56-839x1024.png 839w, https:\/\/www.ssccalameda.cl\/portal\/wp-content\/uploads\/2024\/11\/Captura-de-Pantalla-2024-11-22-a-las-12.43.56-246x300.png 246w, https:\/\/www.ssccalameda.cl\/portal\/wp-content\/uploads\/2024\/11\/Captura-de-Pantalla-2024-11-22-a-las-12.43.56-768x937.png 768w, https:\/\/www.ssccalameda.cl\/portal\/wp-content\/uploads\/2024\/11\/Captura-de-Pantalla-2024-11-22-a-las-12.43.56.png 926w\" sizes=\"(max-width: 839px) 100vw, 839px\" \/><\/a><\/figure>\n\n\n\n<figure class=\"wp-block-image size-large\"><a href=\"https:\/\/www.ssccalameda.cl\/portal\/wp-content\/uploads\/2024\/11\/Captura-de-Pantalla-2024-11-22-a-las-12.43.50.png\"><img loading=\"lazy\" decoding=\"async\" width=\"755\" height=\"1024\" data-id=\"16861\" src=\"https:\/\/www.ssccalameda.cl\/portal\/wp-content\/uploads\/2024\/11\/Captura-de-Pantalla-2024-11-22-a-las-12.43.50-755x1024.png\" alt=\"\" class=\"wp-image-16861\" srcset=\"https:\/\/www.ssccalameda.cl\/portal\/wp-content\/uploads\/2024\/11\/Captura-de-Pantalla-2024-11-22-a-las-12.43.50-755x1024.png 755w, https:\/\/www.ssccalameda.cl\/portal\/wp-content\/uploads\/2024\/11\/Captura-de-Pantalla-2024-11-22-a-las-12.43.50-221x300.png 221w, https:\/\/www.ssccalameda.cl\/portal\/wp-content\/uploads\/2024\/11\/Captura-de-Pantalla-2024-11-22-a-las-12.43.50-768x1042.png 768w, https:\/\/www.ssccalameda.cl\/portal\/wp-content\/uploads\/2024\/11\/Captura-de-Pantalla-2024-11-22-a-las-12.43.50.png 1054w\" sizes=\"(max-width: 755px) 100vw, 755px\" \/><\/a><\/figure>\n\n\n\n<figure class=\"wp-block-image size-large\"><a href=\"https:\/\/www.ssccalameda.cl\/portal\/wp-content\/uploads\/2024\/11\/Captura-de-Pantalla-2024-11-22-a-las-12.43.43.png\"><img loading=\"lazy\" decoding=\"async\" width=\"1024\" height=\"590\" data-id=\"16862\" src=\"https:\/\/www.ssccalameda.cl\/portal\/wp-content\/uploads\/2024\/11\/Captura-de-Pantalla-2024-11-22-a-las-12.43.43-1024x590.png\" alt=\"\" class=\"wp-image-16862\" srcset=\"https:\/\/www.ssccalameda.cl\/portal\/wp-content\/uploads\/2024\/11\/Captura-de-Pantalla-2024-11-22-a-las-12.43.43-1024x590.png 1024w, https:\/\/www.ssccalameda.cl\/portal\/wp-content\/uploads\/2024\/11\/Captura-de-Pantalla-2024-11-22-a-las-12.43.43-300x173.png 300w, https:\/\/www.ssccalameda.cl\/portal\/wp-content\/uploads\/2024\/11\/Captura-de-Pantalla-2024-11-22-a-las-12.43.43-768x443.png 768w, https:\/\/www.ssccalameda.cl\/portal\/wp-content\/uploads\/2024\/11\/Captura-de-Pantalla-2024-11-22-a-las-12.43.43-1536x885.png 1536w, https:\/\/www.ssccalameda.cl\/portal\/wp-content\/uploads\/2024\/11\/Captura-de-Pantalla-2024-11-22-a-las-12.43.43.png 1898w\" sizes=\"(max-width: 1024px) 100vw, 1024px\" \/><\/a><\/figure>\n\n\n\n<figure class=\"wp-block-image size-large\"><a href=\"https:\/\/www.ssccalameda.cl\/portal\/wp-content\/uploads\/2024\/11\/Captura-de-Pantalla-2024-11-22-a-las-12.43.26.png\"><img loading=\"lazy\" decoding=\"async\" width=\"1024\" height=\"682\" data-id=\"16864\" src=\"https:\/\/www.ssccalameda.cl\/portal\/wp-content\/uploads\/2024\/11\/Captura-de-Pantalla-2024-11-22-a-las-12.43.26-1024x682.png\" alt=\"\" class=\"wp-image-16864\" srcset=\"https:\/\/www.ssccalameda.cl\/portal\/wp-content\/uploads\/2024\/11\/Captura-de-Pantalla-2024-11-22-a-las-12.43.26-1024x682.png 1024w, https:\/\/www.ssccalameda.cl\/portal\/wp-content\/uploads\/2024\/11\/Captura-de-Pantalla-2024-11-22-a-las-12.43.26-300x200.png 300w, https:\/\/www.ssccalameda.cl\/portal\/wp-content\/uploads\/2024\/11\/Captura-de-Pantalla-2024-11-22-a-las-12.43.26-768x511.png 768w, https:\/\/www.ssccalameda.cl\/portal\/wp-content\/uploads\/2024\/11\/Captura-de-Pantalla-2024-11-22-a-las-12.43.26-1536x1022.png 1536w, https:\/\/www.ssccalameda.cl\/portal\/wp-content\/uploads\/2024\/11\/Captura-de-Pantalla-2024-11-22-a-las-12.43.26-310x205.png 310w, https:\/\/www.ssccalameda.cl\/portal\/wp-content\/uploads\/2024\/11\/Captura-de-Pantalla-2024-11-22-a-las-12.43.26.png 1878w\" sizes=\"(max-width: 1024px) 100vw, 1024px\" \/><\/a><\/figure>\n<\/figure>\n\n\n\n<p><br><\/p>\n","protected":false},"excerpt":{"rendered":"<p>El viernes 15 de noviembre, nuestros estudiantes de cuarto medio, los \u00abcuartinos\u00bb, tuvieron su ceremonia de cierre, en la que se dieron a conocer los logros obtenidos durante su paso por el colegio, y se reconocieron distintos aspectos de su vida en esta instituci\u00f3n. PREMIO\u00a0AL\u00a0MEJOR\u00a0COMPA\u00d1ERO O\u00a0COMPA\u00d1ERA: IV\u00baAMART\u00cdN ZAMORANO AGUAYOIV\u00baB&nbsp;AGUST\u00cdN AHUMADA LOZANOIV\u00baCFRANCISCA TOLEDO LAV\u00cdNIV\u00baDCONSTANZA VANJOREK TOROPREMIO\u00a0AL\u00a0RENDIMIENTO\u00a0ACAD\u00c9MICO: &hellip;<\/p>\n","protected":false},"author":5,"featured_media":16860,"comment_status":"closed","ping_status":"closed","sticky":false,"template":"","format":"standard","meta":{"footnotes":""},"categories":[1,40],"tags":[],"_links":{"self":[{"href":"https:\/\/www.ssccalameda.cl\/portal\/wp-json\/wp\/v2\/posts\/16837"}],"collection":[{"href":"https:\/\/www.ssccalameda.cl\/portal\/wp-json\/wp\/v2\/posts"}],"about":[{"href":"https:\/\/www.ssccalameda.cl\/portal\/wp-json\/wp\/v2\/types\/post"}],"author":[{"embeddable":true,"href":"https:\/\/www.ssccalameda.cl\/portal\/wp-json\/wp\/v2\/users\/5"}],"replies":[{"embeddable":true,"href":"https:\/\/www.ssccalameda.cl\/portal\/wp-json\/wp\/v2\/comments?post=16837"}],"version-history":[{"count":3,"href":"https:\/\/www.ssccalameda.cl\/portal\/wp-json\/wp\/v2\/posts\/16837\/revisions"}],"predecessor-version":[{"id":16868,"href":"https:\/\/www.ssccalameda.cl\/portal\/wp-json\/wp\/v2\/posts\/16837\/revisions\/16868"}],"wp:featuredmedia":[{"embeddable":true,"href":"https:\/\/www.ssccalameda.cl\/portal\/wp-json\/wp\/v2\/media\/16860"}],"wp:attachment":[{"href":"https:\/\/www.ssccalameda.cl\/portal\/wp-json\/wp\/v2\/media?parent=16837"}],"wp:term":[{"taxonomy":"category","embeddable":true,"href":"https:\/\/www.ssccalameda.cl\/portal\/wp-json\/wp\/v2\/categories?post=16837"},{"taxonomy":"post_tag","embeddable":true,"href":"https:\/\/www.ssccalameda.cl\/portal\/wp-json\/wp\/v2\/tags?post=16837"}],"curies":[{"name":"wp","href":"https:\/\/api.w.org\/{rel}","templated":true}]}}