{"id":17131,"date":"2024-12-27T16:07:59","date_gmt":"2024-12-27T19:07:59","guid":{"rendered":"https:\/\/www.ssccalameda.cl\/portal\/?p=17131"},"modified":"2025-01-02T16:24:43","modified_gmt":"2025-01-02T19:24:43","slug":"navidad-sscc","status":"publish","type":"post","link":"https:\/\/www.ssccalameda.cl\/portal\/navidad-sscc\/","title":{"rendered":"Navidad SSCC"},"content":{"rendered":"\n<p>El d\u00eda lunes 23 de diciembre las y los trabajadores del Colegio se reunieron en el Templo para celebrar una Misa en v\u00edsperas de Navidad. La Eucarist\u00eda estuvo presidida por el sacerdote capuchino, Padre Mauricio, quien extendi\u00f3 agradecimientos por todos los aportes al comedor solidario que lidera su parroquia. <\/p>\n\n\n\n<p>En comunidad celebramos a el nacimiento del ni\u00f1o Jes\u00fas en el mundo y nuestros corazones. <\/p>\n\n\n\n<p><\/p>\n\n\n\n<p>\u00a1Feliz Navidad!<\/p>\n\n\n\n<figure class=\"wp-block-gallery has-nested-images columns-default is-cropped wp-block-gallery-1 is-layout-flex wp-block-gallery-is-layout-flex\">\n<figure class=\"wp-block-image size-large\"><a href=\"https:\/\/www.ssccalameda.cl\/portal\/wp-content\/uploads\/2025\/01\/Captura-de-Pantalla-2025-01-02-a-las-16.22.28.png\"><img loading=\"lazy\" decoding=\"async\" width=\"1024\" height=\"676\" data-id=\"17136\" src=\"https:\/\/www.ssccalameda.cl\/portal\/wp-content\/uploads\/2025\/01\/Captura-de-Pantalla-2025-01-02-a-las-16.22.28-1024x676.png\" alt=\"\" class=\"wp-image-17136\" srcset=\"https:\/\/www.ssccalameda.cl\/portal\/wp-content\/uploads\/2025\/01\/Captura-de-Pantalla-2025-01-02-a-las-16.22.28-1024x676.png 1024w, https:\/\/www.ssccalameda.cl\/portal\/wp-content\/uploads\/2025\/01\/Captura-de-Pantalla-2025-01-02-a-las-16.22.28-300x198.png 300w, https:\/\/www.ssccalameda.cl\/portal\/wp-content\/uploads\/2025\/01\/Captura-de-Pantalla-2025-01-02-a-las-16.22.28-768x507.png 768w, https:\/\/www.ssccalameda.cl\/portal\/wp-content\/uploads\/2025\/01\/Captura-de-Pantalla-2025-01-02-a-las-16.22.28-1536x1014.png 1536w, https:\/\/www.ssccalameda.cl\/portal\/wp-content\/uploads\/2025\/01\/Captura-de-Pantalla-2025-01-02-a-las-16.22.28-310x205.png 310w, https:\/\/www.ssccalameda.cl\/portal\/wp-content\/uploads\/2025\/01\/Captura-de-Pantalla-2025-01-02-a-las-16.22.28.png 1776w\" sizes=\"(max-width: 1024px) 100vw, 1024px\" \/><\/a><\/figure>\n\n\n\n<figure class=\"wp-block-image size-large\"><a href=\"https:\/\/www.ssccalameda.cl\/portal\/wp-content\/uploads\/2025\/01\/Captura-de-Pantalla-2025-01-02-a-las-16.22.22.png\"><img loading=\"lazy\" decoding=\"async\" width=\"875\" height=\"1024\" data-id=\"17134\" src=\"https:\/\/www.ssccalameda.cl\/portal\/wp-content\/uploads\/2025\/01\/Captura-de-Pantalla-2025-01-02-a-las-16.22.22-875x1024.png\" alt=\"\" class=\"wp-image-17134\" srcset=\"https:\/\/www.ssccalameda.cl\/portal\/wp-content\/uploads\/2025\/01\/Captura-de-Pantalla-2025-01-02-a-las-16.22.22-875x1024.png 875w, https:\/\/www.ssccalameda.cl\/portal\/wp-content\/uploads\/2025\/01\/Captura-de-Pantalla-2025-01-02-a-las-16.22.22-256x300.png 256w, https:\/\/www.ssccalameda.cl\/portal\/wp-content\/uploads\/2025\/01\/Captura-de-Pantalla-2025-01-02-a-las-16.22.22-768x899.png 768w, https:\/\/www.ssccalameda.cl\/portal\/wp-content\/uploads\/2025\/01\/Captura-de-Pantalla-2025-01-02-a-las-16.22.22.png 1000w\" sizes=\"(max-width: 875px) 100vw, 875px\" \/><\/a><\/figure>\n\n\n\n<figure class=\"wp-block-image size-large\"><a href=\"https:\/\/www.ssccalameda.cl\/portal\/wp-content\/uploads\/2025\/01\/Captura-de-Pantalla-2025-01-02-a-las-16.22.17.png\"><img loading=\"lazy\" decoding=\"async\" width=\"988\" height=\"926\" data-id=\"17133\" src=\"https:\/\/www.ssccalameda.cl\/portal\/wp-content\/uploads\/2025\/01\/Captura-de-Pantalla-2025-01-02-a-las-16.22.17.png\" alt=\"\" class=\"wp-image-17133\" srcset=\"https:\/\/www.ssccalameda.cl\/portal\/wp-content\/uploads\/2025\/01\/Captura-de-Pantalla-2025-01-02-a-las-16.22.17.png 988w, https:\/\/www.ssccalameda.cl\/portal\/wp-content\/uploads\/2025\/01\/Captura-de-Pantalla-2025-01-02-a-las-16.22.17-300x281.png 300w, https:\/\/www.ssccalameda.cl\/portal\/wp-content\/uploads\/2025\/01\/Captura-de-Pantalla-2025-01-02-a-las-16.22.17-768x720.png 768w\" sizes=\"(max-width: 988px) 100vw, 988px\" \/><\/a><\/figure>\n\n\n\n<figure class=\"wp-block-image size-large\"><a href=\"https:\/\/www.ssccalameda.cl\/portal\/wp-content\/uploads\/2025\/01\/Captura-de-Pantalla-2025-01-02-a-las-16.22.09.png\"><img loading=\"lazy\" decoding=\"async\" width=\"898\" height=\"796\" data-id=\"17132\" src=\"https:\/\/www.ssccalameda.cl\/portal\/wp-content\/uploads\/2025\/01\/Captura-de-Pantalla-2025-01-02-a-las-16.22.09.png\" alt=\"\" class=\"wp-image-17132\" srcset=\"https:\/\/www.ssccalameda.cl\/portal\/wp-content\/uploads\/2025\/01\/Captura-de-Pantalla-2025-01-02-a-las-16.22.09.png 898w, https:\/\/www.ssccalameda.cl\/portal\/wp-content\/uploads\/2025\/01\/Captura-de-Pantalla-2025-01-02-a-las-16.22.09-300x266.png 300w, https:\/\/www.ssccalameda.cl\/portal\/wp-content\/uploads\/2025\/01\/Captura-de-Pantalla-2025-01-02-a-las-16.22.09-768x681.png 768w\" sizes=\"(max-width: 898px) 100vw, 898px\" \/><\/a><\/figure>\n\n\n\n<figure class=\"wp-block-image size-large\"><a href=\"https:\/\/www.ssccalameda.cl\/portal\/wp-content\/uploads\/2025\/01\/Captura-de-Pantalla-2025-01-02-a-las-16.22.04.png\"><img loading=\"lazy\" decoding=\"async\" width=\"1024\" height=\"609\" data-id=\"17135\" src=\"https:\/\/www.ssccalameda.cl\/portal\/wp-content\/uploads\/2025\/01\/Captura-de-Pantalla-2025-01-02-a-las-16.22.04-1024x609.png\" alt=\"\" class=\"wp-image-17135\" srcset=\"https:\/\/www.ssccalameda.cl\/portal\/wp-content\/uploads\/2025\/01\/Captura-de-Pantalla-2025-01-02-a-las-16.22.04-1024x609.png 1024w, https:\/\/www.ssccalameda.cl\/portal\/wp-content\/uploads\/2025\/01\/Captura-de-Pantalla-2025-01-02-a-las-16.22.04-300x178.png 300w, https:\/\/www.ssccalameda.cl\/portal\/wp-content\/uploads\/2025\/01\/Captura-de-Pantalla-2025-01-02-a-las-16.22.04-768x457.png 768w, https:\/\/www.ssccalameda.cl\/portal\/wp-content\/uploads\/2025\/01\/Captura-de-Pantalla-2025-01-02-a-las-16.22.04-1536x913.png 1536w, https:\/\/www.ssccalameda.cl\/portal\/wp-content\/uploads\/2025\/01\/Captura-de-Pantalla-2025-01-02-a-las-16.22.04.png 1874w\" sizes=\"(max-width: 1024px) 100vw, 1024px\" \/><\/a><\/figure>\n<\/figure>\n","protected":false},"excerpt":{"rendered":"<p>El d\u00eda lunes 23 de diciembre las y los trabajadores del Colegio se reunieron en el Templo para celebrar una Misa en v\u00edsperas de Navidad. La Eucarist\u00eda estuvo presidida por el sacerdote capuchino, Padre Mauricio, quien extendi\u00f3 agradecimientos por todos los aportes al comedor solidario que lidera su parroquia. En comunidad celebramos a el nacimiento &hellip;<\/p>\n","protected":false},"author":5,"featured_media":17135,"comment_status":"closed","ping_status":"closed","sticky":false,"template":"","format":"standard","meta":{"footnotes":""},"categories":[40],"tags":[],"_links":{"self":[{"href":"https:\/\/www.ssccalameda.cl\/portal\/wp-json\/wp\/v2\/posts\/17131"}],"collection":[{"href":"https:\/\/www.ssccalameda.cl\/portal\/wp-json\/wp\/v2\/posts"}],"about":[{"href":"https:\/\/www.ssccalameda.cl\/portal\/wp-json\/wp\/v2\/types\/post"}],"author":[{"embeddable":true,"href":"https:\/\/www.ssccalameda.cl\/portal\/wp-json\/wp\/v2\/users\/5"}],"replies":[{"embeddable":true,"href":"https:\/\/www.ssccalameda.cl\/portal\/wp-json\/wp\/v2\/comments?post=17131"}],"version-history":[{"count":1,"href":"https:\/\/www.ssccalameda.cl\/portal\/wp-json\/wp\/v2\/posts\/17131\/revisions"}],"predecessor-version":[{"id":17137,"href":"https:\/\/www.ssccalameda.cl\/portal\/wp-json\/wp\/v2\/posts\/17131\/revisions\/17137"}],"wp:featuredmedia":[{"embeddable":true,"href":"https:\/\/www.ssccalameda.cl\/portal\/wp-json\/wp\/v2\/media\/17135"}],"wp:attachment":[{"href":"https:\/\/www.ssccalameda.cl\/portal\/wp-json\/wp\/v2\/media?parent=17131"}],"wp:term":[{"taxonomy":"category","embeddable":true,"href":"https:\/\/www.ssccalameda.cl\/portal\/wp-json\/wp\/v2\/categories?post=17131"},{"taxonomy":"post_tag","embeddable":true,"href":"https:\/\/www.ssccalameda.cl\/portal\/wp-json\/wp\/v2\/tags?post=17131"}],"curies":[{"name":"wp","href":"https:\/\/api.w.org\/{rel}","templated":true}]}}