{"id":17243,"date":"2025-02-28T13:10:48","date_gmt":"2025-02-28T16:10:48","guid":{"rendered":"https:\/\/www.ssccalameda.cl\/portal\/?p=17243"},"modified":"2025-02-28T13:10:49","modified_gmt":"2025-02-28T16:10:49","slug":"jovenes-del-mundo-se-preparan-para-la-canonizacion-de-carlo-acutis-en-el-jubileo-adolescente","status":"publish","type":"post","link":"https:\/\/www.ssccalameda.cl\/portal\/jovenes-del-mundo-se-preparan-para-la-canonizacion-de-carlo-acutis-en-el-jubileo-adolescente\/","title":{"rendered":"J\u00f3venes del mundo se preparan para la canonizaci\u00f3n de Carlo Acutis en el Jubileo Adolescente"},"content":{"rendered":"\n<p>El camino hacia la canonizaci\u00f3n de Carlo Acutis sigue inspirando a miles de adolescentes en todo el mundo. En el marco del Jubileo de los Adolescentes, un evento que congrega a j\u00f3venes en un camino de fe y compromiso cristiano, Carlo Acutis se erige como un referente de santidad juvenil en la era digital.<\/p>\n\n\n\n<p>Desde&nbsp;<strong>Carlo Acutis Red Educacional<\/strong>, nos unimos con alegr\u00eda y esperanza a esta preparaci\u00f3n, promoviendo encuentros, reflexiones y actividades que permitan a los estudiantes conocer m\u00e1s sobre la vida y legado de quien pronto ser\u00e1 proclamado santo. Su testimonio de amor a la Eucarist\u00eda, su generosidad y su creatividad evangelizadora a trav\u00e9s de la tecnolog\u00eda son una gu\u00eda para que los j\u00f3venes descubran su vocaci\u00f3n a la santidad en el mundo de hoy.<\/p>\n\n\n\n<p>El Jubileo Adolescente, que forma parte del programa oficial del Jubileo 2025 convocado por el Papa Francisco, tendr\u00e1 un significado especial este a\u00f1o. Desde distintas comunidades educativas y pastorales, se est\u00e1n organizando peregrinaciones, espacios de oraci\u00f3n y actividades solidarias en honor a Carlo Acutis, quien nos recuerda que&nbsp;<strong>\u00b7la Eucarist\u00eda es la autopista al cielo\u00b7.<\/strong><\/p>\n\n\n\n<p>Como parte de esta preparaci\u00f3n, desde Carlo Acutis Red Educacional nos estamos organizando para concurrir con una delegaci\u00f3n de los cuatro colegios que conforman nuestra red. Este ser\u00e1 un momento de unidad y comuni\u00f3n, en el que nuestros estudiantes podr\u00e1n vivir esta experiencia de fe junto a miles de j\u00f3venes del mundo.<\/p>\n\n\n\n<p>Invitamos a todos los estudiantes, docentes y familias de nuestra Red a vivir con entusiasmo este tiempo de preparaci\u00f3n, fortaleciendo nuestra fe y compromiso con la evangelizaci\u00f3n digital y el servicio a los dem\u00e1s. Siguiendo el ejemplo de Carlo, nos disponemos con alegr\u00eda a celebrar su canonizaci\u00f3n, un acontecimiento hist\u00f3rico para la Iglesia y para toda la juventud que busca en Cristo su verdadero sentido de vida.<\/p>\n\n\n\n<figure class=\"wp-block-image size-full\"><a href=\"https:\/\/www.ssccalameda.cl\/portal\/wp-content\/uploads\/2025\/02\/fotoportada67b8cdf557fab_21022025_1103am.jpg\"><img loading=\"lazy\" decoding=\"async\" width=\"1000\" height=\"749\" src=\"https:\/\/www.ssccalameda.cl\/portal\/wp-content\/uploads\/2025\/02\/fotoportada67b8cdf557fab_21022025_1103am.jpg\" alt=\"\" class=\"wp-image-17245\" srcset=\"https:\/\/www.ssccalameda.cl\/portal\/wp-content\/uploads\/2025\/02\/fotoportada67b8cdf557fab_21022025_1103am.jpg 1000w, https:\/\/www.ssccalameda.cl\/portal\/wp-content\/uploads\/2025\/02\/fotoportada67b8cdf557fab_21022025_1103am-300x225.jpg 300w, https:\/\/www.ssccalameda.cl\/portal\/wp-content\/uploads\/2025\/02\/fotoportada67b8cdf557fab_21022025_1103am-768x575.jpg 768w\" sizes=\"(max-width: 1000px) 100vw, 1000px\" \/><\/a><\/figure>\n","protected":false},"excerpt":{"rendered":"<p>El camino hacia la canonizaci\u00f3n de Carlo Acutis sigue inspirando a miles de adolescentes en todo el mundo. En el marco del Jubileo de los Adolescentes, un evento que congrega a j\u00f3venes en un camino de fe y compromiso cristiano, Carlo Acutis se erige como un referente de santidad juvenil en la era digital. Desde&nbsp;Carlo &hellip;<\/p>\n","protected":false},"author":5,"featured_media":17246,"comment_status":"closed","ping_status":"closed","sticky":false,"template":"","format":"standard","meta":{"footnotes":""},"categories":[40],"tags":[],"_links":{"self":[{"href":"https:\/\/www.ssccalameda.cl\/portal\/wp-json\/wp\/v2\/posts\/17243"}],"collection":[{"href":"https:\/\/www.ssccalameda.cl\/portal\/wp-json\/wp\/v2\/posts"}],"about":[{"href":"https:\/\/www.ssccalameda.cl\/portal\/wp-json\/wp\/v2\/types\/post"}],"author":[{"embeddable":true,"href":"https:\/\/www.ssccalameda.cl\/portal\/wp-json\/wp\/v2\/users\/5"}],"replies":[{"embeddable":true,"href":"https:\/\/www.ssccalameda.cl\/portal\/wp-json\/wp\/v2\/comments?post=17243"}],"version-history":[{"count":1,"href":"https:\/\/www.ssccalameda.cl\/portal\/wp-json\/wp\/v2\/posts\/17243\/revisions"}],"predecessor-version":[{"id":17247,"href":"https:\/\/www.ssccalameda.cl\/portal\/wp-json\/wp\/v2\/posts\/17243\/revisions\/17247"}],"wp:featuredmedia":[{"embeddable":true,"href":"https:\/\/www.ssccalameda.cl\/portal\/wp-json\/wp\/v2\/media\/17246"}],"wp:attachment":[{"href":"https:\/\/www.ssccalameda.cl\/portal\/wp-json\/wp\/v2\/media?parent=17243"}],"wp:term":[{"taxonomy":"category","embeddable":true,"href":"https:\/\/www.ssccalameda.cl\/portal\/wp-json\/wp\/v2\/categories?post=17243"},{"taxonomy":"post_tag","embeddable":true,"href":"https:\/\/www.ssccalameda.cl\/portal\/wp-json\/wp\/v2\/tags?post=17243"}],"curies":[{"name":"wp","href":"https:\/\/api.w.org\/{rel}","templated":true}]}}