{"id":1772,"date":"2019-03-07T18:05:37","date_gmt":"2019-03-07T21:05:37","guid":{"rendered":"http:\/\/www.ssccalameda.cl\/portal\/?p=1772"},"modified":"2019-03-07T18:06:27","modified_gmt":"2019-03-07T21:06:27","slug":"aviso-suspension-reunion-induccion-apoderados-nuevos","status":"publish","type":"post","link":"https:\/\/www.ssccalameda.cl\/portal\/aviso-suspension-reunion-induccion-apoderados-nuevos\/","title":{"rendered":"Aviso Suspensi\u00f3n Reuni\u00f3n inducci\u00f3n Apoderados Nuevos"},"content":{"rendered":"<div style=\"text-align: justify;\">Estimada Comunidad Educativa,<\/div>\n<div style=\"text-align: justify;\"><\/div>\n<div style=\"text-align: justify;\">Junto con saludar cordialmente, deseamos informar que, con el fin de facilitar los tiempos de los apoderados nuevos, considerando que el mi\u00e9rcoles 13 de marzo se realizar\u00e1 la primera reuni\u00f3n de apoderados para el ciclo de Educaci\u00f3n Parvularia, y que es en esos niveles en los que tenemos un mayor n\u00famero de nuevos integrantes de la comunidad, se ha decidido suspender la jornada de inducci\u00f3n a los apoderados nuevos fijada en el calendario para el lunes 11 de este mes.<\/div>\n<div style=\"text-align: justify;\"><\/div>\n<div style=\"text-align: justify;\">Se avisar\u00e1 oportunamente la nueva fecha para concretar la bienvenida a las nuevas familias a nuestra querida Comunidad.<\/div>\n<div><\/div>\n<div><\/div>\n<div style=\"text-align: center;\">Se despide,<\/div>\n<div><\/div>\n<div style=\"text-align: center;\">Marcelo Mackenney Poblete<\/div>\n<div style=\"text-align: center;\">Rector.<\/div>\n","protected":false},"excerpt":{"rendered":"<p>Estimada Comunidad Educativa, Junto con saludar cordialmente, deseamos informar que, con el fin de facilitar los tiempos de los apoderados nuevos, considerando que el mi\u00e9rcoles 13 de marzo se realizar\u00e1 la primera reuni\u00f3n de apoderados para el ciclo de Educaci\u00f3n Parvularia, y que es en esos niveles en los que tenemos un mayor n\u00famero de &hellip;<\/p>\n","protected":false},"author":1,"featured_media":1432,"comment_status":"closed","ping_status":"closed","sticky":false,"template":"","format":"standard","meta":{"footnotes":""},"categories":[40],"tags":[],"_links":{"self":[{"href":"https:\/\/www.ssccalameda.cl\/portal\/wp-json\/wp\/v2\/posts\/1772"}],"collection":[{"href":"https:\/\/www.ssccalameda.cl\/portal\/wp-json\/wp\/v2\/posts"}],"about":[{"href":"https:\/\/www.ssccalameda.cl\/portal\/wp-json\/wp\/v2\/types\/post"}],"author":[{"embeddable":true,"href":"https:\/\/www.ssccalameda.cl\/portal\/wp-json\/wp\/v2\/users\/1"}],"replies":[{"embeddable":true,"href":"https:\/\/www.ssccalameda.cl\/portal\/wp-json\/wp\/v2\/comments?post=1772"}],"version-history":[{"count":1,"href":"https:\/\/www.ssccalameda.cl\/portal\/wp-json\/wp\/v2\/posts\/1772\/revisions"}],"predecessor-version":[{"id":1774,"href":"https:\/\/www.ssccalameda.cl\/portal\/wp-json\/wp\/v2\/posts\/1772\/revisions\/1774"}],"wp:featuredmedia":[{"embeddable":true,"href":"https:\/\/www.ssccalameda.cl\/portal\/wp-json\/wp\/v2\/media\/1432"}],"wp:attachment":[{"href":"https:\/\/www.ssccalameda.cl\/portal\/wp-json\/wp\/v2\/media?parent=1772"}],"wp:term":[{"taxonomy":"category","embeddable":true,"href":"https:\/\/www.ssccalameda.cl\/portal\/wp-json\/wp\/v2\/categories?post=1772"},{"taxonomy":"post_tag","embeddable":true,"href":"https:\/\/www.ssccalameda.cl\/portal\/wp-json\/wp\/v2\/tags?post=1772"}],"curies":[{"name":"wp","href":"https:\/\/api.w.org\/{rel}","templated":true}]}}