{"id":5940,"date":"2021-07-23T18:30:35","date_gmt":"2021-07-23T22:30:35","guid":{"rendered":"http:\/\/www.ssccalameda.cl\/portal\/?p=5940"},"modified":"2021-07-23T18:34:26","modified_gmt":"2021-07-23T22:34:26","slug":"horarios-de-ingreso-y-recreos-diferidos-para-el-2do-semestre","status":"publish","type":"post","link":"https:\/\/www.ssccalameda.cl\/portal\/horarios-de-ingreso-y-recreos-diferidos-para-el-2do-semestre\/","title":{"rendered":"Horarios de ingreso y recreos diferidos para el 2do semestre"},"content":{"rendered":"\n<p>Estimada comunidad, para el retorno a clases del lunes 26 de julio, les solicitamos revisar <strong>la tabla de horarios de ingreso contenida en la p\u00e1gina 14 <\/strong>del <a rel=\"noreferrer noopener\" href=\"http:\/\/www.ssccalameda.cl\/portal\/wp-content\/uploads\/2021\/01\/Plan-de-Trabajo-Pedago%CC%81gico-2021.pdf\" data-type=\"URL\" data-id=\"http:\/\/www.ssccalameda.cl\/portal\/wp-content\/uploads\/2021\/01\/Plan-de-Trabajo-Pedago%CC%81gico-2021.pdf\" target=\"_blank\">Plan de Trabajo Pedag\u00f3gico 2021.<\/a><\/p>\n\n\n\n<p>Sin prejuicio de lo anterior, les recordamos que para el Ciclo Inicial, el acceso estar\u00e1 abierto a las 7:55;  y para el Mayor y Menor a las 7:50. Todo lo anterior para resguardar los protocolos sanitarios. <\/p>\n\n\n\n<figure class=\"wp-block-image size-medium\"><a href=\"http:\/\/www.ssccalameda.cl\/portal\/wp-content\/uploads\/2021\/01\/Plan-de-Trabajo-Pedago%CC%81gico-2021.pdf\" target=\"_blank\" rel=\"noopener noreferrer\"><img loading=\"lazy\" decoding=\"async\" width=\"300\" height=\"220\" src=\"http:\/\/www.ssccalameda.cl\/portal\/wp-content\/uploads\/2021\/01\/Sin-titulo-3-300x220.jpg\" alt=\"\" class=\"wp-image-4489\" srcset=\"https:\/\/www.ssccalameda.cl\/portal\/wp-content\/uploads\/2021\/01\/Sin-titulo-3-300x220.jpg 300w, https:\/\/www.ssccalameda.cl\/portal\/wp-content\/uploads\/2021\/01\/Sin-titulo-3.jpg 379w\" sizes=\"(max-width: 300px) 100vw, 300px\" \/><\/a><\/figure>\n","protected":false},"excerpt":{"rendered":"<p>Estimada comunidad, para el retorno a clases del lunes 26 de julio, les solicitamos revisar la tabla de horarios de ingreso contenida en la p\u00e1gina 14 del Plan de Trabajo Pedag\u00f3gico 2021. Sin prejuicio de lo anterior, les recordamos que para el Ciclo Inicial, el acceso estar\u00e1 abierto a las 7:55; y para el Mayor &hellip;<\/p>\n","protected":false},"author":4,"featured_media":5941,"comment_status":"closed","ping_status":"closed","sticky":false,"template":"","format":"standard","meta":{"footnotes":""},"categories":[40],"tags":[],"_links":{"self":[{"href":"https:\/\/www.ssccalameda.cl\/portal\/wp-json\/wp\/v2\/posts\/5940"}],"collection":[{"href":"https:\/\/www.ssccalameda.cl\/portal\/wp-json\/wp\/v2\/posts"}],"about":[{"href":"https:\/\/www.ssccalameda.cl\/portal\/wp-json\/wp\/v2\/types\/post"}],"author":[{"embeddable":true,"href":"https:\/\/www.ssccalameda.cl\/portal\/wp-json\/wp\/v2\/users\/4"}],"replies":[{"embeddable":true,"href":"https:\/\/www.ssccalameda.cl\/portal\/wp-json\/wp\/v2\/comments?post=5940"}],"version-history":[{"count":1,"href":"https:\/\/www.ssccalameda.cl\/portal\/wp-json\/wp\/v2\/posts\/5940\/revisions"}],"predecessor-version":[{"id":5945,"href":"https:\/\/www.ssccalameda.cl\/portal\/wp-json\/wp\/v2\/posts\/5940\/revisions\/5945"}],"wp:featuredmedia":[{"embeddable":true,"href":"https:\/\/www.ssccalameda.cl\/portal\/wp-json\/wp\/v2\/media\/5941"}],"wp:attachment":[{"href":"https:\/\/www.ssccalameda.cl\/portal\/wp-json\/wp\/v2\/media?parent=5940"}],"wp:term":[{"taxonomy":"category","embeddable":true,"href":"https:\/\/www.ssccalameda.cl\/portal\/wp-json\/wp\/v2\/categories?post=5940"},{"taxonomy":"post_tag","embeddable":true,"href":"https:\/\/www.ssccalameda.cl\/portal\/wp-json\/wp\/v2\/tags?post=5940"}],"curies":[{"name":"wp","href":"https:\/\/api.w.org\/{rel}","templated":true}]}}