{"id":6022,"date":"2021-10-10T09:00:00","date_gmt":"2021-10-10T12:00:00","guid":{"rendered":"http:\/\/www.ssccalameda.cl\/portal\/?p=6022"},"modified":"2021-10-12T15:27:58","modified_gmt":"2021-10-12T18:27:58","slug":"calendario-de-evaluaciones-parciales","status":"publish","type":"post","link":"https:\/\/www.ssccalameda.cl\/portal\/calendario-de-evaluaciones-parciales\/","title":{"rendered":"Calendario de evaluaciones parciales"},"content":{"rendered":"\n<p class=\"has-text-align-center\"><strong>2do Semestre 2021<\/strong><\/p>\n\n\n\n<p>La informaci\u00f3n publicada en esta secci\u00f3n se actualizando permanentemente, por lo que los calendarios de los cursos que faltan estar\u00e1n disponibles en los pr\u00f3ximos d\u00edas:<\/p>\n\n\n\n<figure class=\"wp-block-table\"><table><tbody><tr><td><a href=\"http:\/\/www.ssccalameda.cl\/portal\/wp-content\/uploads\/2021\/08\/CALENDARIO-1-BASICOS-1.pdf\" data-type=\"URL\" data-id=\"http:\/\/www.ssccalameda.cl\/portal\/wp-content\/uploads\/2021\/08\/CALENDARIO-1-BASICOS-1.pdf\" target=\"_blank\" rel=\"noreferrer noopener\">1ero B\u00e1sico A<\/a><\/td><td><a href=\"http:\/\/www.ssccalameda.cl\/portal\/wp-content\/uploads\/2021\/08\/CALENDARIO-5A.pdf\" data-type=\"URL\" data-id=\"http:\/\/www.ssccalameda.cl\/portal\/wp-content\/uploads\/2021\/08\/CALENDARIO-5A.pdf\" target=\"_blank\" rel=\"noreferrer noopener\">5to B\u00e1sico A<\/a><\/td><td><a href=\"http:\/\/www.ssccalameda.cl\/portal\/wp-content\/uploads\/2021\/08\/CALENDARIO-IA.pdf\" data-type=\"URL\" data-id=\"http:\/\/www.ssccalameda.cl\/portal\/wp-content\/uploads\/2021\/08\/CALENDARIO-IA.pdf\" target=\"_blank\" rel=\"noreferrer noopener\">I Medio A<\/a><\/td><\/tr><tr><td><a href=\"http:\/\/www.ssccalameda.cl\/portal\/wp-content\/uploads\/2021\/08\/CALENDARIO-1-BASICOS-1.pdf\" data-type=\"URL\" data-id=\"http:\/\/www.ssccalameda.cl\/portal\/wp-content\/uploads\/2021\/08\/CALENDARIO-1-BASICOS-1.pdf\" target=\"_blank\" rel=\"noreferrer noopener\">1ero B\u00e1sico B<\/a><\/td><td><a href=\"http:\/\/www.ssccalameda.cl\/portal\/wp-content\/uploads\/2021\/08\/CALENDARIO-5B.pdf\" data-type=\"URL\" data-id=\"http:\/\/www.ssccalameda.cl\/portal\/wp-content\/uploads\/2021\/08\/CALENDARIO-5B.pdf\" target=\"_blank\" rel=\"noreferrer noopener\">5to B\u00e1sico B<\/a><\/td><td>I Medio B<\/td><\/tr><tr><td><a href=\"http:\/\/www.ssccalameda.cl\/portal\/wp-content\/uploads\/2021\/08\/CALENDARIO-1-BASICOS-1.pdf\" data-type=\"URL\" data-id=\"http:\/\/www.ssccalameda.cl\/portal\/wp-content\/uploads\/2021\/08\/CALENDARIO-1-BASICOS-1.pdf\" target=\"_blank\" rel=\"noreferrer noopener\">1ero B\u00e1sico C<\/a><\/td><td><a href=\"http:\/\/www.ssccalameda.cl\/portal\/wp-content\/uploads\/2021\/08\/CALENDARIO-5C.pdf\" data-type=\"URL\" data-id=\"http:\/\/www.ssccalameda.cl\/portal\/wp-content\/uploads\/2021\/08\/CALENDARIO-5C.pdf\" target=\"_blank\" rel=\"noreferrer noopener\">5to B\u00e1sico C<\/a><\/td><td><a href=\"http:\/\/www.ssccalameda.cl\/portal\/wp-content\/uploads\/2021\/08\/CALENDARIO-I\u00b0C.pdf\" data-type=\"URL\" data-id=\"http:\/\/www.ssccalameda.cl\/portal\/wp-content\/uploads\/2021\/08\/CALENDARIO-I\u00b0C.pdf\" target=\"_blank\" rel=\"noreferrer noopener\">I Medio C<\/a><\/td><\/tr><tr><td><a href=\"http:\/\/www.ssccalameda.cl\/portal\/wp-content\/uploads\/2021\/08\/CALENDARIO-1-BASICOS-1.pdf\" data-type=\"URL\" data-id=\"http:\/\/www.ssccalameda.cl\/portal\/wp-content\/uploads\/2021\/08\/CALENDARIO-1-BASICOS-1.pdf\" target=\"_blank\" rel=\"noreferrer noopener\">1ero B\u00e1sico D<\/a><\/td><td><a href=\"http:\/\/www.ssccalameda.cl\/portal\/wp-content\/uploads\/2021\/08\/CALENDARIO-5D.pdf\" data-type=\"URL\" data-id=\"http:\/\/www.ssccalameda.cl\/portal\/wp-content\/uploads\/2021\/08\/CALENDARIO-5D.pdf\" target=\"_blank\" rel=\"noreferrer noopener\">5to B\u00e1sico D<\/a><\/td><td><a href=\"http:\/\/www.ssccalameda.cl\/portal\/wp-content\/uploads\/2021\/08\/CALENDARIO-ID.pdf\" data-type=\"URL\" data-id=\"http:\/\/www.ssccalameda.cl\/portal\/wp-content\/uploads\/2021\/08\/CALENDARIO-ID.pdf\" target=\"_blank\" rel=\"noreferrer noopener\">I Medio D<\/a><\/td><\/tr><tr><td><a href=\"http:\/\/www.ssccalameda.cl\/portal\/wp-content\/uploads\/2021\/10\/Calendario-octubre-2\u00b0-basico.pdf\" data-type=\"URL\" data-id=\"http:\/\/www.ssccalameda.cl\/portal\/wp-content\/uploads\/2021\/10\/Calendario-octubre-2\u00b0-basico.pdf\" target=\"_blank\" rel=\"noreferrer noopener\">2do B\u00e1sico A<\/a><\/td><td><a href=\"http:\/\/www.ssccalameda.cl\/portal\/wp-content\/uploads\/2021\/08\/CALENDARIO-6BA.pdf\" data-type=\"URL\" data-id=\"http:\/\/www.ssccalameda.cl\/portal\/wp-content\/uploads\/2021\/08\/CALENDARIO-6BA.pdf\" target=\"_blank\" rel=\"noreferrer noopener\">6to B\u00e1sico A<\/a><\/td><td><a href=\"http:\/\/www.ssccalameda.cl\/portal\/wp-content\/uploads\/2021\/08\/CALENDARIO-IIA.pdf\" data-type=\"URL\" data-id=\"http:\/\/www.ssccalameda.cl\/portal\/wp-content\/uploads\/2021\/08\/CALENDARIO-IIA.pdf\" target=\"_blank\" rel=\"noreferrer noopener\">II Medio A<\/a><\/td><\/tr><tr><td><a href=\"http:\/\/www.ssccalameda.cl\/portal\/wp-content\/uploads\/2021\/10\/Calendario-octubre-2\u00b0-basico.pdf\" data-type=\"URL\" data-id=\"http:\/\/www.ssccalameda.cl\/portal\/wp-content\/uploads\/2021\/10\/Calendario-octubre-2\u00b0-basico.pdf\" target=\"_blank\" rel=\"noreferrer noopener\">2do B\u00e1sico B<\/a><\/td><td><a href=\"http:\/\/www.ssccalameda.cl\/portal\/wp-content\/uploads\/2021\/08\/CALENDARIO-6BB.pdf\" data-type=\"URL\" data-id=\"http:\/\/www.ssccalameda.cl\/portal\/wp-content\/uploads\/2021\/08\/CALENDARIO-6BB.pdf\" target=\"_blank\" rel=\"noreferrer noopener\">6to B\u00e1sico B<\/a><\/td><td><a href=\"http:\/\/www.ssccalameda.cl\/portal\/wp-content\/uploads\/2021\/08\/CALENDARIO-IIB.pdf\" data-type=\"URL\" data-id=\"http:\/\/www.ssccalameda.cl\/portal\/wp-content\/uploads\/2021\/08\/CALENDARIO-IIB.pdf\" target=\"_blank\" rel=\"noreferrer noopener\">II Medio B<\/a><\/td><\/tr><tr><td><a href=\"http:\/\/www.ssccalameda.cl\/portal\/wp-content\/uploads\/2021\/10\/Calendario-octubre-2\u00b0-basico.pdf\" data-type=\"URL\" data-id=\"http:\/\/www.ssccalameda.cl\/portal\/wp-content\/uploads\/2021\/10\/Calendario-octubre-2\u00b0-basico.pdf\" target=\"_blank\" rel=\"noreferrer noopener\">2do B\u00e1sico C<\/a><\/td><td><a href=\"http:\/\/www.ssccalameda.cl\/portal\/wp-content\/uploads\/2021\/08\/CALENDARIO-6\u00b0C.pdf\" data-type=\"URL\" data-id=\"http:\/\/www.ssccalameda.cl\/portal\/wp-content\/uploads\/2021\/08\/CALENDARIO-6\u00b0C.pdf\" target=\"_blank\" rel=\"noreferrer noopener\">6to B\u00e1sico C<\/a><\/td><td><a href=\"http:\/\/www.ssccalameda.cl\/portal\/wp-content\/uploads\/2021\/08\/Calendario-IIC.pdf\" data-type=\"URL\" data-id=\"http:\/\/www.ssccalameda.cl\/portal\/wp-content\/uploads\/2021\/08\/Calendario-IIC.pdf\" target=\"_blank\" rel=\"noreferrer noopener\">II Medio C<\/a><\/td><\/tr><tr><td><a href=\"http:\/\/www.ssccalameda.cl\/portal\/wp-content\/uploads\/2021\/10\/Calendario-octubre-2\u00b0-basico.pdf\" data-type=\"URL\" data-id=\"http:\/\/www.ssccalameda.cl\/portal\/wp-content\/uploads\/2021\/10\/Calendario-octubre-2\u00b0-basico.pdf\" target=\"_blank\" rel=\"noreferrer noopener\">2do B\u00e1sico D<\/a><\/td><td>6to B\u00e1sico D<\/td><td>II Medio D<\/td><\/tr><tr><td><a href=\"http:\/\/www.ssccalameda.cl\/portal\/wp-content\/uploads\/2021\/08\/CALENDARIO-3A-.pdf\" data-type=\"URL\" data-id=\"http:\/\/www.ssccalameda.cl\/portal\/wp-content\/uploads\/2021\/08\/CALENDARIO-3A-.pdf\" target=\"_blank\" rel=\"noreferrer noopener\">3ero B\u00e1sico A<\/a><\/td><td>7mo B\u00e1sico A<\/td><td>III Medio A<\/td><\/tr><tr><td><a href=\"http:\/\/www.ssccalameda.cl\/portal\/wp-content\/uploads\/2021\/08\/CALENDARIO-EVALUACIONES-3BB.pdf\" data-type=\"URL\" data-id=\"http:\/\/www.ssccalameda.cl\/portal\/wp-content\/uploads\/2021\/08\/CALENDARIO-EVALUACIONES-3BB.pdf\" target=\"_blank\" rel=\"noreferrer noopener\">3ero B\u00e1sico B<\/a><\/td><td>7mo B\u00e1sico B<\/td><td>III Medio B<\/td><\/tr><tr><td><a href=\"http:\/\/www.ssccalameda.cl\/portal\/wp-content\/uploads\/2021\/08\/CALENDARIO-3BC.pdf\" data-type=\"URL\" data-id=\"http:\/\/www.ssccalameda.cl\/portal\/wp-content\/uploads\/2021\/08\/CALENDARIO-3BC.pdf\" target=\"_blank\" rel=\"noreferrer noopener\">3ero B\u00e1sico C<\/a><\/td><td><a href=\"http:\/\/www.ssccalameda.cl\/portal\/wp-content\/uploads\/2021\/08\/CALENDARIO-7C.pdf\" data-type=\"URL\" data-id=\"http:\/\/www.ssccalameda.cl\/portal\/wp-content\/uploads\/2021\/08\/CALENDARIO-7C.pdf\" target=\"_blank\" rel=\"noreferrer noopener\">7mo B\u00e1sico C<\/a><\/td><td><a href=\"http:\/\/www.ssccalameda.cl\/portal\/wp-content\/uploads\/2021\/08\/Calendario-IIIC.pdf\" data-type=\"URL\" data-id=\"http:\/\/www.ssccalameda.cl\/portal\/wp-content\/uploads\/2021\/08\/Calendario-IIIC.pdf\" target=\"_blank\" rel=\"noreferrer noopener\">III Medio C<\/a><\/td><\/tr><tr><td><a href=\"http:\/\/www.ssccalameda.cl\/portal\/wp-content\/uploads\/2021\/08\/CALENDARIO-3D.pdf\" data-type=\"URL\" data-id=\"http:\/\/www.ssccalameda.cl\/portal\/wp-content\/uploads\/2021\/08\/CALENDARIO-3D.pdf\" target=\"_blank\" rel=\"noreferrer noopener\">3ero B\u00e1sico D<\/a><\/td><td>7mo B\u00e1sico D<\/td><td><a href=\"http:\/\/www.ssccalameda.cl\/portal\/wp-content\/uploads\/2021\/08\/CALENDARIO-IIID-OK.pdf\" data-type=\"URL\" data-id=\"http:\/\/www.ssccalameda.cl\/portal\/wp-content\/uploads\/2021\/08\/CALENDARIO-IIID-OK.pdf\" target=\"_blank\" rel=\"noreferrer noopener\">III Medio D<\/a><\/td><\/tr><tr><td>4to B\u00e1sico A<\/td><td><a href=\"http:\/\/www.ssccalameda.cl\/portal\/wp-content\/uploads\/2021\/08\/CALENDARIO-8A.pdf\" data-type=\"URL\" data-id=\"http:\/\/www.ssccalameda.cl\/portal\/wp-content\/uploads\/2021\/08\/CALENDARIO-8A.pdf\" target=\"_blank\" rel=\"noreferrer noopener\">8vo B\u00e1sico A<\/a><\/td><td><a href=\"http:\/\/www.ssccalameda.cl\/portal\/wp-content\/uploads\/2021\/08\/CALENDARIO-AGOSTO-IV-A.pdf\" data-type=\"URL\" data-id=\"http:\/\/www.ssccalameda.cl\/portal\/wp-content\/uploads\/2021\/08\/CALENDARIO-AGOSTO-IV-A.pdf\" target=\"_blank\" rel=\"noreferrer noopener\">IV Medio A<\/a><\/td><\/tr><tr><td><a href=\"http:\/\/www.ssccalameda.cl\/portal\/wp-content\/uploads\/2021\/08\/CALENDARIO-4B.pdf\" data-type=\"URL\" data-id=\"http:\/\/www.ssccalameda.cl\/portal\/wp-content\/uploads\/2021\/08\/CALENDARIO-4B.pdf\" target=\"_blank\" rel=\"noreferrer noopener\">4to B\u00e1sico B<\/a><\/td><td><a href=\"http:\/\/www.ssccalameda.cl\/portal\/wp-content\/uploads\/2021\/08\/CALENDARIO-8B-.pdf\" data-type=\"URL\" data-id=\"http:\/\/www.ssccalameda.cl\/portal\/wp-content\/uploads\/2021\/08\/CALENDARIO-8B-.pdf\" target=\"_blank\" rel=\"noreferrer noopener\">8vo B\u00e1sico B<\/a><\/td><td>IV Medio B<\/td><\/tr><tr><td>4to B\u00e1sico C<\/td><td><a href=\"http:\/\/www.ssccalameda.cl\/portal\/wp-content\/uploads\/2021\/08\/CALENDARIO-8oC.pdf\" data-type=\"URL\" data-id=\"http:\/\/www.ssccalameda.cl\/portal\/wp-content\/uploads\/2021\/08\/CALENDARIO-8oC.pdf\" target=\"_blank\" rel=\"noreferrer noopener\">8vo B\u00e1sico C<\/a><\/td><td><a href=\"http:\/\/www.ssccalameda.cl\/portal\/wp-content\/uploads\/2021\/10\/CALENDARIO-AGOSTO-IV-C.pdf\" data-type=\"URL\" data-id=\"http:\/\/www.ssccalameda.cl\/portal\/wp-content\/uploads\/2021\/10\/CALENDARIO-AGOSTO-IV-C.pdf\" target=\"_blank\" rel=\"noreferrer noopener\">IV Medio C<\/a><\/td><\/tr><tr><td><a href=\"http:\/\/www.ssccalameda.cl\/portal\/wp-content\/uploads\/2021\/08\/CALENDARIO-4\u00b0D.pdf\" data-type=\"URL\" data-id=\"http:\/\/www.ssccalameda.cl\/portal\/wp-content\/uploads\/2021\/08\/CALENDARIO-4\u00b0D.pdf\" target=\"_blank\" rel=\"noreferrer noopener\">4to B\u00e1sico D<\/a><\/td><td><a href=\"http:\/\/www.ssccalameda.cl\/portal\/wp-content\/uploads\/2021\/08\/CALENDARIO-8D.pdf\" data-type=\"URL\" data-id=\"http:\/\/www.ssccalameda.cl\/portal\/wp-content\/uploads\/2021\/08\/CALENDARIO-8D.pdf\" target=\"_blank\" rel=\"noreferrer noopener\">8vo B\u00e1sico D<\/a><\/td><td><a href=\"http:\/\/www.ssccalameda.cl\/portal\/wp-content\/uploads\/2021\/08\/CALENDARIO-IVD.pdf\" data-type=\"URL\" data-id=\"http:\/\/www.ssccalameda.cl\/portal\/wp-content\/uploads\/2021\/08\/CALENDARIO-IVD.pdf\" target=\"_blank\" rel=\"noreferrer noopener\">IV Medio D<\/a><\/td><\/tr><\/tbody><\/table><\/figure>\n","protected":false},"excerpt":{"rendered":"<p>2do Semestre 2021 La informaci\u00f3n publicada en esta secci\u00f3n se actualizando permanentemente, por lo que los calendarios de los cursos que faltan estar\u00e1n disponibles en los pr\u00f3ximos d\u00edas: 1ero B\u00e1sico A5to B\u00e1sico AI Medio A1ero B\u00e1sico B5to B\u00e1sico BI Medio B1ero B\u00e1sico C5to B\u00e1sico CI Medio C1ero B\u00e1sico D5to B\u00e1sico DI Medio D2do B\u00e1sico A6to &hellip;<\/p>\n","protected":false},"author":4,"featured_media":5951,"comment_status":"closed","ping_status":"closed","sticky":false,"template":"","format":"standard","meta":{"footnotes":""},"categories":[40],"tags":[],"_links":{"self":[{"href":"https:\/\/www.ssccalameda.cl\/portal\/wp-json\/wp\/v2\/posts\/6022"}],"collection":[{"href":"https:\/\/www.ssccalameda.cl\/portal\/wp-json\/wp\/v2\/posts"}],"about":[{"href":"https:\/\/www.ssccalameda.cl\/portal\/wp-json\/wp\/v2\/types\/post"}],"author":[{"embeddable":true,"href":"https:\/\/www.ssccalameda.cl\/portal\/wp-json\/wp\/v2\/users\/4"}],"replies":[{"embeddable":true,"href":"https:\/\/www.ssccalameda.cl\/portal\/wp-json\/wp\/v2\/comments?post=6022"}],"version-history":[{"count":1,"href":"https:\/\/www.ssccalameda.cl\/portal\/wp-json\/wp\/v2\/posts\/6022\/revisions"}],"predecessor-version":[{"id":6612,"href":"https:\/\/www.ssccalameda.cl\/portal\/wp-json\/wp\/v2\/posts\/6022\/revisions\/6612"}],"wp:featuredmedia":[{"embeddable":true,"href":"https:\/\/www.ssccalameda.cl\/portal\/wp-json\/wp\/v2\/media\/5951"}],"wp:attachment":[{"href":"https:\/\/www.ssccalameda.cl\/portal\/wp-json\/wp\/v2\/media?parent=6022"}],"wp:term":[{"taxonomy":"category","embeddable":true,"href":"https:\/\/www.ssccalameda.cl\/portal\/wp-json\/wp\/v2\/categories?post=6022"},{"taxonomy":"post_tag","embeddable":true,"href":"https:\/\/www.ssccalameda.cl\/portal\/wp-json\/wp\/v2\/tags?post=6022"}],"curies":[{"name":"wp","href":"https:\/\/api.w.org\/{rel}","templated":true}]}}