{"id":6091,"date":"2021-08-13T17:03:21","date_gmt":"2021-08-13T21:03:21","guid":{"rendered":"http:\/\/www.ssccalameda.cl\/portal\/?p=6091"},"modified":"2021-08-13T17:05:07","modified_gmt":"2021-08-13T21:05:07","slug":"invitacion-misa","status":"publish","type":"post","link":"https:\/\/www.ssccalameda.cl\/portal\/invitacion-misa\/","title":{"rendered":"Invitaci\u00f3n misa"},"content":{"rendered":"\n<p>Medio Mayor y Prek\u00ednder | Domingo 15 de agosto a las 11:00 hrs.<\/p>\n\n\n\n<p><\/p>\n\n\n\n<figure class=\"wp-block-image size-medium\"><img loading=\"lazy\" decoding=\"async\" width=\"300\" height=\"257\" src=\"http:\/\/www.ssccalameda.cl\/portal\/wp-content\/uploads\/2021\/08\/misadgo-300x257.png\" alt=\"\" class=\"wp-image-6092\" srcset=\"https:\/\/www.ssccalameda.cl\/portal\/wp-content\/uploads\/2021\/08\/misadgo-300x257.png 300w, https:\/\/www.ssccalameda.cl\/portal\/wp-content\/uploads\/2021\/08\/misadgo.png 603w\" sizes=\"(max-width: 300px) 100vw, 300px\" \/><\/figure>\n\n\n\n<div class=\"wp-block-buttons is-layout-flex wp-block-buttons-is-layout-flex\">\n<div class=\"wp-block-button\"><a class=\"wp-block-button__link has-vivid-cyan-blue-background-color has-background\" href=\"https:\/\/zoom.us\/j\/92228447013?pwd=RHpSYU9CbEhROHEvUkVIaE9lbTZhZz09\" target=\"_blank\" rel=\"noreferrer noopener\"><span class=\"has-inline-color has-white-color\">Link a Zoom<\/span><\/a><\/div>\n<\/div>\n\n\n\n<p>ID de reuni\u00f3n: 922 2844 7013<br>C\u00f3digo de acceso: 523929<\/p>\n\n\n\n<div class=\"wp-block-file\"><a href=\"http:\/\/www.ssccalameda.cl\/portal\/wp-content\/uploads\/2021\/08\/Invitacion-Misa-15-de-agosto-11-horas-Medio-Mayor-Prekinder.pdf\">Invitacion-Misa-15-de-agosto<\/a><a href=\"http:\/\/www.ssccalameda.cl\/portal\/wp-content\/uploads\/2021\/08\/Invitacion-Misa-15-de-agosto-11-horas-Medio-Mayor-Prekinder.pdf\" class=\"wp-block-file__button\" download><span class=\"has-inline-color has-white-color\"><strong>Descarga<\/strong><\/span><\/a><\/div>\n","protected":false},"excerpt":{"rendered":"<p>Medio Mayor y Prek\u00ednder | Domingo 15 de agosto a las 11:00 hrs. Link a Zoom ID de reuni\u00f3n: 922 2844 7013C\u00f3digo de acceso: 523929 Invitacion-Misa-15-de-agostoDescarga<\/p>\n","protected":false},"author":4,"featured_media":5562,"comment_status":"closed","ping_status":"closed","sticky":false,"template":"","format":"standard","meta":{"footnotes":""},"categories":[40],"tags":[],"_links":{"self":[{"href":"https:\/\/www.ssccalameda.cl\/portal\/wp-json\/wp\/v2\/posts\/6091"}],"collection":[{"href":"https:\/\/www.ssccalameda.cl\/portal\/wp-json\/wp\/v2\/posts"}],"about":[{"href":"https:\/\/www.ssccalameda.cl\/portal\/wp-json\/wp\/v2\/types\/post"}],"author":[{"embeddable":true,"href":"https:\/\/www.ssccalameda.cl\/portal\/wp-json\/wp\/v2\/users\/4"}],"replies":[{"embeddable":true,"href":"https:\/\/www.ssccalameda.cl\/portal\/wp-json\/wp\/v2\/comments?post=6091"}],"version-history":[{"count":1,"href":"https:\/\/www.ssccalameda.cl\/portal\/wp-json\/wp\/v2\/posts\/6091\/revisions"}],"predecessor-version":[{"id":6096,"href":"https:\/\/www.ssccalameda.cl\/portal\/wp-json\/wp\/v2\/posts\/6091\/revisions\/6096"}],"wp:featuredmedia":[{"embeddable":true,"href":"https:\/\/www.ssccalameda.cl\/portal\/wp-json\/wp\/v2\/media\/5562"}],"wp:attachment":[{"href":"https:\/\/www.ssccalameda.cl\/portal\/wp-json\/wp\/v2\/media?parent=6091"}],"wp:term":[{"taxonomy":"category","embeddable":true,"href":"https:\/\/www.ssccalameda.cl\/portal\/wp-json\/wp\/v2\/categories?post=6091"},{"taxonomy":"post_tag","embeddable":true,"href":"https:\/\/www.ssccalameda.cl\/portal\/wp-json\/wp\/v2\/tags?post=6091"}],"curies":[{"name":"wp","href":"https:\/\/api.w.org\/{rel}","templated":true}]}}