{"id":6163,"date":"2021-08-23T06:44:00","date_gmt":"2021-08-23T10:44:00","guid":{"rendered":"http:\/\/www.ssccalameda.cl\/portal\/?p=6163"},"modified":"2021-08-23T08:42:07","modified_gmt":"2021-08-23T12:42:07","slug":"charla-deportiva","status":"publish","type":"post","link":"https:\/\/www.ssccalameda.cl\/portal\/charla-deportiva\/","title":{"rendered":"Charla deportiva"},"content":{"rendered":"\n<p>Hoy a las 18:00 horas se realizar\u00e1 una charla para los deportistas del colegio organizada por la selecci\u00f3n del v\u00f3leibol y el Departamento de Educaci\u00f3n F\u00edsica, cuyos expositores ser\u00e1n los seleccionados nacionales Mat\u00edas Banda y Rafael Albornoz.<\/p>\n\n\n\n<p>Banda es ex alumno del colegio de la generaci\u00f3n del 2013, actualmente contratado en Inglaterra y ex jugador del Club Providencia, Linares, Monteros de Argentina y de otros cuadros de Suiza y Portugal.<\/p>\n\n\n\n<p>Los profesionales transmitir\u00e1n su experiencia de pasar del deporte escolar al alto rendimiento y responder\u00e1n las preguntas que surjan durante la sesi\u00f3n.<\/p>\n\n\n\n<figure class=\"wp-block-image size-medium\"><img loading=\"lazy\" decoding=\"async\" width=\"300\" height=\"297\" src=\"http:\/\/www.ssccalameda.cl\/portal\/wp-content\/uploads\/2021\/08\/WhatsApp-Image-2021-08-18-at-10.58.36-1-300x297.jpeg\" alt=\"\" class=\"wp-image-6221\" srcset=\"https:\/\/www.ssccalameda.cl\/portal\/wp-content\/uploads\/2021\/08\/WhatsApp-Image-2021-08-18-at-10.58.36-1-300x297.jpeg 300w, https:\/\/www.ssccalameda.cl\/portal\/wp-content\/uploads\/2021\/08\/WhatsApp-Image-2021-08-18-at-10.58.36-1-150x150.jpeg 150w, https:\/\/www.ssccalameda.cl\/portal\/wp-content\/uploads\/2021\/08\/WhatsApp-Image-2021-08-18-at-10.58.36-1-768x760.jpeg 768w, https:\/\/www.ssccalameda.cl\/portal\/wp-content\/uploads\/2021\/08\/WhatsApp-Image-2021-08-18-at-10.58.36-1.jpeg 1024w\" sizes=\"(max-width: 300px) 100vw, 300px\" \/><\/figure>\n","protected":false},"excerpt":{"rendered":"<p>Hoy a las 18:00 horas se realizar\u00e1 una charla para los deportistas del colegio organizada por la selecci\u00f3n del v\u00f3leibol y el Departamento de Educaci\u00f3n F\u00edsica, cuyos expositores ser\u00e1n los seleccionados nacionales Mat\u00edas Banda y Rafael Albornoz. Banda es ex alumno del colegio de la generaci\u00f3n del 2013, actualmente contratado en Inglaterra y ex jugador &hellip;<\/p>\n","protected":false},"author":4,"featured_media":6164,"comment_status":"closed","ping_status":"closed","sticky":false,"template":"","format":"standard","meta":{"footnotes":""},"categories":[40],"tags":[],"_links":{"self":[{"href":"https:\/\/www.ssccalameda.cl\/portal\/wp-json\/wp\/v2\/posts\/6163"}],"collection":[{"href":"https:\/\/www.ssccalameda.cl\/portal\/wp-json\/wp\/v2\/posts"}],"about":[{"href":"https:\/\/www.ssccalameda.cl\/portal\/wp-json\/wp\/v2\/types\/post"}],"author":[{"embeddable":true,"href":"https:\/\/www.ssccalameda.cl\/portal\/wp-json\/wp\/v2\/users\/4"}],"replies":[{"embeddable":true,"href":"https:\/\/www.ssccalameda.cl\/portal\/wp-json\/wp\/v2\/comments?post=6163"}],"version-history":[{"count":1,"href":"https:\/\/www.ssccalameda.cl\/portal\/wp-json\/wp\/v2\/posts\/6163\/revisions"}],"predecessor-version":[{"id":6222,"href":"https:\/\/www.ssccalameda.cl\/portal\/wp-json\/wp\/v2\/posts\/6163\/revisions\/6222"}],"wp:featuredmedia":[{"embeddable":true,"href":"https:\/\/www.ssccalameda.cl\/portal\/wp-json\/wp\/v2\/media\/6164"}],"wp:attachment":[{"href":"https:\/\/www.ssccalameda.cl\/portal\/wp-json\/wp\/v2\/media?parent=6163"}],"wp:term":[{"taxonomy":"category","embeddable":true,"href":"https:\/\/www.ssccalameda.cl\/portal\/wp-json\/wp\/v2\/categories?post=6163"},{"taxonomy":"post_tag","embeddable":true,"href":"https:\/\/www.ssccalameda.cl\/portal\/wp-json\/wp\/v2\/tags?post=6163"}],"curies":[{"name":"wp","href":"https:\/\/api.w.org\/{rel}","templated":true}]}}