{"id":6234,"date":"2021-08-25T11:54:48","date_gmt":"2021-08-25T15:54:48","guid":{"rendered":"http:\/\/www.ssccalameda.cl\/portal\/?p=6234"},"modified":"2021-08-26T16:33:45","modified_gmt":"2021-08-26T20:33:45","slug":"campana-solidaria-de-recoleccion-de-alimentos","status":"publish","type":"post","link":"https:\/\/www.ssccalameda.cl\/portal\/campana-solidaria-de-recoleccion-de-alimentos\/","title":{"rendered":"Campa\u00f1a solidaria de recolecci\u00f3n de alimentos"},"content":{"rendered":"\n<p>Con sus aportes, la campa\u00f1a de alimentos organizada por el \u00c1rea de Pastoral del colegio, lentamente va llenando las canastas de recolecci\u00f3n. &nbsp;<\/p>\n\n\n\n<p>Aprovechamos este espacio para agradecer a todos\/as los que han tra\u00eddo sus donaciones e invitamos a los que a\u00fan no lo hacen a sumarse hasta el  martes 31 de agosto.<\/p>\n\n\n\n<p>\u00a1Juntos podemos ayudar a los comedores sociales!<\/p>\n\n\n\n<div class=\"wp-block-file\"><a href=\"http:\/\/www.ssccalameda.cl\/portal\/wp-content\/uploads\/2021\/08\/20.08.21-CAMPANA-SOLIDARIA-DE-ALIMENTOS.pdf\">Alimentos recibidos hasta el 20-08<\/a><a href=\"http:\/\/www.ssccalameda.cl\/portal\/wp-content\/uploads\/2021\/08\/20.08.21-CAMPANA-SOLIDARIA-DE-ALIMENTOS.pdf\" class=\"wp-block-file__button\" download><span class=\"has-inline-color has-white-color\">Descarga<\/span><\/a><\/div>\n\n\n\n<figure class=\"wp-block-image size-medium\"><img loading=\"lazy\" decoding=\"async\" width=\"300\" height=\"300\" src=\"http:\/\/www.ssccalameda.cl\/portal\/wp-content\/uploads\/2021\/08\/campana-solidaria-2-300x300.png\" alt=\"\" class=\"wp-image-6237\" srcset=\"https:\/\/www.ssccalameda.cl\/portal\/wp-content\/uploads\/2021\/08\/campana-solidaria-2-300x300.png 300w, https:\/\/www.ssccalameda.cl\/portal\/wp-content\/uploads\/2021\/08\/campana-solidaria-2-1024x1024.png 1024w, https:\/\/www.ssccalameda.cl\/portal\/wp-content\/uploads\/2021\/08\/campana-solidaria-2-150x150.png 150w, https:\/\/www.ssccalameda.cl\/portal\/wp-content\/uploads\/2021\/08\/campana-solidaria-2-768x768.png 768w, https:\/\/www.ssccalameda.cl\/portal\/wp-content\/uploads\/2021\/08\/campana-solidaria-2-1536x1536.png 1536w, https:\/\/www.ssccalameda.cl\/portal\/wp-content\/uploads\/2021\/08\/campana-solidaria-2.png 1654w\" sizes=\"(max-width: 300px) 100vw, 300px\" \/><\/figure>\n","protected":false},"excerpt":{"rendered":"<p>Con sus aportes, la campa\u00f1a de alimentos organizada por el \u00c1rea de Pastoral del colegio, lentamente va llenando las canastas de recolecci\u00f3n. &nbsp; Aprovechamos este espacio para agradecer a todos\/as los que han tra\u00eddo sus donaciones e invitamos a los que a\u00fan no lo hacen a sumarse hasta el martes 31 de agosto. \u00a1Juntos podemos &hellip;<\/p>\n","protected":false},"author":4,"featured_media":6236,"comment_status":"closed","ping_status":"closed","sticky":false,"template":"","format":"standard","meta":{"footnotes":""},"categories":[40],"tags":[],"_links":{"self":[{"href":"https:\/\/www.ssccalameda.cl\/portal\/wp-json\/wp\/v2\/posts\/6234"}],"collection":[{"href":"https:\/\/www.ssccalameda.cl\/portal\/wp-json\/wp\/v2\/posts"}],"about":[{"href":"https:\/\/www.ssccalameda.cl\/portal\/wp-json\/wp\/v2\/types\/post"}],"author":[{"embeddable":true,"href":"https:\/\/www.ssccalameda.cl\/portal\/wp-json\/wp\/v2\/users\/4"}],"replies":[{"embeddable":true,"href":"https:\/\/www.ssccalameda.cl\/portal\/wp-json\/wp\/v2\/comments?post=6234"}],"version-history":[{"count":1,"href":"https:\/\/www.ssccalameda.cl\/portal\/wp-json\/wp\/v2\/posts\/6234\/revisions"}],"predecessor-version":[{"id":6239,"href":"https:\/\/www.ssccalameda.cl\/portal\/wp-json\/wp\/v2\/posts\/6234\/revisions\/6239"}],"wp:featuredmedia":[{"embeddable":true,"href":"https:\/\/www.ssccalameda.cl\/portal\/wp-json\/wp\/v2\/media\/6236"}],"wp:attachment":[{"href":"https:\/\/www.ssccalameda.cl\/portal\/wp-json\/wp\/v2\/media?parent=6234"}],"wp:term":[{"taxonomy":"category","embeddable":true,"href":"https:\/\/www.ssccalameda.cl\/portal\/wp-json\/wp\/v2\/categories?post=6234"},{"taxonomy":"post_tag","embeddable":true,"href":"https:\/\/www.ssccalameda.cl\/portal\/wp-json\/wp\/v2\/tags?post=6234"}],"curies":[{"name":"wp","href":"https:\/\/api.w.org\/{rel}","templated":true}]}}