{"id":6276,"date":"2021-08-30T07:52:00","date_gmt":"2021-08-30T11:52:00","guid":{"rendered":"http:\/\/www.ssccalameda.cl\/portal\/?p=6276"},"modified":"2021-08-29T22:05:10","modified_gmt":"2021-08-30T02:05:10","slug":"comite-para-la-sana-convivencia-escolar","status":"publish","type":"post","link":"https:\/\/www.ssccalameda.cl\/portal\/comite-para-la-sana-convivencia-escolar\/","title":{"rendered":"Comit\u00e9 para la sana convivencia escolar"},"content":{"rendered":"\n<p>Con la representaci\u00f3n de los distintos estamentos de la comunidad educativa se realiz\u00f3 la sesi\u00f3n mensual del Comit\u00e9 para la Sana Convivencia Escolar.<\/p>\n\n\n\n<p>En la oportunidad se dio cuenta de las acciones que  se realizaron durante las \u00faltimas semanas a trav\u00e9s de un video que pueden revisar en el link inferior:<\/p>\n\n\n\n<div class=\"wp-block-buttons is-layout-flex wp-block-buttons-is-layout-flex\">\n<div class=\"wp-block-button\"><a class=\"wp-block-button__link has-white-color has-vivid-cyan-blue-background-color has-text-color has-background\" href=\"https:\/\/ssccalameda-my.sharepoint.com\/:v:\/g\/personal\/cjorquera_ssccalameda_cl\/EZTrz6V-3WhNomxzPXXr9vsBYb14p79u9_pMajJD6zvmmg?e=QPL0Uo\" target=\"_blank\" rel=\"noreferrer noopener\">Ver video<\/a><\/div>\n<\/div>\n\n\n\n<p><\/p>\n","protected":false},"excerpt":{"rendered":"<p>Con la representaci\u00f3n de los distintos estamentos de la comunidad educativa se realiz\u00f3 la sesi\u00f3n mensual del Comit\u00e9 para la Sana Convivencia Escolar. En la oportunidad se dio cuenta de las acciones que se realizaron durante las \u00faltimas semanas a trav\u00e9s de un video que pueden revisar en el link inferior: Ver video<\/p>\n","protected":false},"author":4,"featured_media":6278,"comment_status":"closed","ping_status":"closed","sticky":false,"template":"","format":"standard","meta":{"footnotes":""},"categories":[40],"tags":[],"_links":{"self":[{"href":"https:\/\/www.ssccalameda.cl\/portal\/wp-json\/wp\/v2\/posts\/6276"}],"collection":[{"href":"https:\/\/www.ssccalameda.cl\/portal\/wp-json\/wp\/v2\/posts"}],"about":[{"href":"https:\/\/www.ssccalameda.cl\/portal\/wp-json\/wp\/v2\/types\/post"}],"author":[{"embeddable":true,"href":"https:\/\/www.ssccalameda.cl\/portal\/wp-json\/wp\/v2\/users\/4"}],"replies":[{"embeddable":true,"href":"https:\/\/www.ssccalameda.cl\/portal\/wp-json\/wp\/v2\/comments?post=6276"}],"version-history":[{"count":1,"href":"https:\/\/www.ssccalameda.cl\/portal\/wp-json\/wp\/v2\/posts\/6276\/revisions"}],"predecessor-version":[{"id":6280,"href":"https:\/\/www.ssccalameda.cl\/portal\/wp-json\/wp\/v2\/posts\/6276\/revisions\/6280"}],"wp:featuredmedia":[{"embeddable":true,"href":"https:\/\/www.ssccalameda.cl\/portal\/wp-json\/wp\/v2\/media\/6278"}],"wp:attachment":[{"href":"https:\/\/www.ssccalameda.cl\/portal\/wp-json\/wp\/v2\/media?parent=6276"}],"wp:term":[{"taxonomy":"category","embeddable":true,"href":"https:\/\/www.ssccalameda.cl\/portal\/wp-json\/wp\/v2\/categories?post=6276"},{"taxonomy":"post_tag","embeddable":true,"href":"https:\/\/www.ssccalameda.cl\/portal\/wp-json\/wp\/v2\/tags?post=6276"}],"curies":[{"name":"wp","href":"https:\/\/api.w.org\/{rel}","templated":true}]}}