{"id":6481,"date":"2021-10-04T05:57:00","date_gmt":"2021-10-04T08:57:00","guid":{"rendered":"http:\/\/www.ssccalameda.cl\/portal\/?p=6481"},"modified":"2021-10-03T18:10:13","modified_gmt":"2021-10-03T21:10:13","slug":"primera-comunion-6to-a-y-b","status":"publish","type":"post","link":"https:\/\/www.ssccalameda.cl\/portal\/primera-comunion-6to-a-y-b\/","title":{"rendered":"Primera Comuni\u00f3n 6to A y B"},"content":{"rendered":"\n<p>Despu\u00e9s de mucho esperar, al fin, ayer en la ma\u00f1ana tuvimos las Primeras Comuniones de nuestros\/as estudiantes de los 6tos B\u00e1sicos A y B. <\/p>\n\n\n\n<p>En las ceremonias los ni\u00f1os y ni\u00f1as recibieron la invitaci\u00f3n a ser amigos\/as de Jes\u00fas y renovar su compromiso de amar y servir. <\/p>\n\n\n\n<p>\u00a1Felicidades para ellos\/as y sus familias y muchas gracias a los catequistas que los\/as acompa\u00f1aron en este camino!<\/p>\n\n\n\n<figure class=\"wp-block-gallery columns-3 is-cropped wp-block-gallery-1 is-layout-flex wp-block-gallery-is-layout-flex\"><ul class=\"blocks-gallery-grid\"><li class=\"blocks-gallery-item\"><figure><img loading=\"lazy\" decoding=\"async\" width=\"1024\" height=\"683\" src=\"http:\/\/www.ssccalameda.cl\/portal\/wp-content\/uploads\/2021\/10\/IMG_9805-1024x683.jpg\" alt=\"\" data-id=\"6482\" data-link=\"http:\/\/www.ssccalameda.cl\/portal\/?attachment_id=6482\" class=\"wp-image-6482\" srcset=\"https:\/\/www.ssccalameda.cl\/portal\/wp-content\/uploads\/2021\/10\/IMG_9805-1024x683.jpg 1024w, https:\/\/www.ssccalameda.cl\/portal\/wp-content\/uploads\/2021\/10\/IMG_9805-300x200.jpg 300w, https:\/\/www.ssccalameda.cl\/portal\/wp-content\/uploads\/2021\/10\/IMG_9805-768x512.jpg 768w, https:\/\/www.ssccalameda.cl\/portal\/wp-content\/uploads\/2021\/10\/IMG_9805-1536x1024.jpg 1536w, https:\/\/www.ssccalameda.cl\/portal\/wp-content\/uploads\/2021\/10\/IMG_9805-2048x1365.jpg 2048w\" sizes=\"(max-width: 1024px) 100vw, 1024px\" \/><\/figure><\/li><li class=\"blocks-gallery-item\"><figure><img loading=\"lazy\" decoding=\"async\" width=\"1024\" height=\"683\" src=\"http:\/\/www.ssccalameda.cl\/portal\/wp-content\/uploads\/2021\/10\/IMG_9910-1024x683.jpg\" alt=\"\" data-id=\"6483\" data-link=\"http:\/\/www.ssccalameda.cl\/portal\/?attachment_id=6483\" class=\"wp-image-6483\" srcset=\"https:\/\/www.ssccalameda.cl\/portal\/wp-content\/uploads\/2021\/10\/IMG_9910-1024x683.jpg 1024w, https:\/\/www.ssccalameda.cl\/portal\/wp-content\/uploads\/2021\/10\/IMG_9910-300x200.jpg 300w, https:\/\/www.ssccalameda.cl\/portal\/wp-content\/uploads\/2021\/10\/IMG_9910-768x512.jpg 768w, https:\/\/www.ssccalameda.cl\/portal\/wp-content\/uploads\/2021\/10\/IMG_9910-1536x1024.jpg 1536w, https:\/\/www.ssccalameda.cl\/portal\/wp-content\/uploads\/2021\/10\/IMG_9910-2048x1365.jpg 2048w\" sizes=\"(max-width: 1024px) 100vw, 1024px\" \/><\/figure><\/li><li class=\"blocks-gallery-item\"><figure><img loading=\"lazy\" decoding=\"async\" width=\"1024\" height=\"683\" src=\"http:\/\/www.ssccalameda.cl\/portal\/wp-content\/uploads\/2021\/10\/IMG_9752-1024x683.jpg\" alt=\"\" data-id=\"6484\" data-link=\"http:\/\/www.ssccalameda.cl\/portal\/?attachment_id=6484\" class=\"wp-image-6484\" srcset=\"https:\/\/www.ssccalameda.cl\/portal\/wp-content\/uploads\/2021\/10\/IMG_9752-1024x683.jpg 1024w, https:\/\/www.ssccalameda.cl\/portal\/wp-content\/uploads\/2021\/10\/IMG_9752-300x200.jpg 300w, https:\/\/www.ssccalameda.cl\/portal\/wp-content\/uploads\/2021\/10\/IMG_9752-768x512.jpg 768w, https:\/\/www.ssccalameda.cl\/portal\/wp-content\/uploads\/2021\/10\/IMG_9752-1536x1024.jpg 1536w, https:\/\/www.ssccalameda.cl\/portal\/wp-content\/uploads\/2021\/10\/IMG_9752-2048x1365.jpg 2048w\" sizes=\"(max-width: 1024px) 100vw, 1024px\" \/><\/figure><\/li><li class=\"blocks-gallery-item\"><figure><img loading=\"lazy\" decoding=\"async\" width=\"1024\" height=\"683\" src=\"http:\/\/www.ssccalameda.cl\/portal\/wp-content\/uploads\/2021\/10\/IMG_9845-1024x683.jpg\" alt=\"\" data-id=\"6485\" data-link=\"http:\/\/www.ssccalameda.cl\/portal\/?attachment_id=6485\" class=\"wp-image-6485\" srcset=\"https:\/\/www.ssccalameda.cl\/portal\/wp-content\/uploads\/2021\/10\/IMG_9845-1024x683.jpg 1024w, https:\/\/www.ssccalameda.cl\/portal\/wp-content\/uploads\/2021\/10\/IMG_9845-300x200.jpg 300w, https:\/\/www.ssccalameda.cl\/portal\/wp-content\/uploads\/2021\/10\/IMG_9845-768x512.jpg 768w, https:\/\/www.ssccalameda.cl\/portal\/wp-content\/uploads\/2021\/10\/IMG_9845-1536x1024.jpg 1536w, https:\/\/www.ssccalameda.cl\/portal\/wp-content\/uploads\/2021\/10\/IMG_9845-2048x1365.jpg 2048w\" sizes=\"(max-width: 1024px) 100vw, 1024px\" \/><\/figure><\/li><li class=\"blocks-gallery-item\"><figure><img loading=\"lazy\" decoding=\"async\" width=\"1024\" height=\"683\" src=\"http:\/\/www.ssccalameda.cl\/portal\/wp-content\/uploads\/2021\/10\/IMG_9953-1024x683.jpg\" alt=\"\" data-id=\"6486\" data-full-url=\"http:\/\/www.ssccalameda.cl\/portal\/wp-content\/uploads\/2021\/10\/IMG_9953-scaled.jpg\" data-link=\"http:\/\/www.ssccalameda.cl\/portal\/?attachment_id=6486\" class=\"wp-image-6486\" srcset=\"https:\/\/www.ssccalameda.cl\/portal\/wp-content\/uploads\/2021\/10\/IMG_9953-1024x683.jpg 1024w, https:\/\/www.ssccalameda.cl\/portal\/wp-content\/uploads\/2021\/10\/IMG_9953-300x200.jpg 300w, https:\/\/www.ssccalameda.cl\/portal\/wp-content\/uploads\/2021\/10\/IMG_9953-768x512.jpg 768w, https:\/\/www.ssccalameda.cl\/portal\/wp-content\/uploads\/2021\/10\/IMG_9953-1536x1024.jpg 1536w, https:\/\/www.ssccalameda.cl\/portal\/wp-content\/uploads\/2021\/10\/IMG_9953-2048x1365.jpg 2048w\" sizes=\"(max-width: 1024px) 100vw, 1024px\" \/><\/figure><\/li><\/ul><\/figure>\n","protected":false},"excerpt":{"rendered":"<p>Despu\u00e9s de mucho esperar, al fin, ayer en la ma\u00f1ana tuvimos las Primeras Comuniones de nuestros\/as estudiantes de los 6tos B\u00e1sicos A y B. En las ceremonias los ni\u00f1os y ni\u00f1as recibieron la invitaci\u00f3n a ser amigos\/as de Jes\u00fas y renovar su compromiso de amar y servir. \u00a1Felicidades para ellos\/as y sus familias y muchas &hellip;<\/p>\n","protected":false},"author":4,"featured_media":6487,"comment_status":"closed","ping_status":"closed","sticky":false,"template":"","format":"standard","meta":{"footnotes":""},"categories":[40],"tags":[],"_links":{"self":[{"href":"https:\/\/www.ssccalameda.cl\/portal\/wp-json\/wp\/v2\/posts\/6481"}],"collection":[{"href":"https:\/\/www.ssccalameda.cl\/portal\/wp-json\/wp\/v2\/posts"}],"about":[{"href":"https:\/\/www.ssccalameda.cl\/portal\/wp-json\/wp\/v2\/types\/post"}],"author":[{"embeddable":true,"href":"https:\/\/www.ssccalameda.cl\/portal\/wp-json\/wp\/v2\/users\/4"}],"replies":[{"embeddable":true,"href":"https:\/\/www.ssccalameda.cl\/portal\/wp-json\/wp\/v2\/comments?post=6481"}],"version-history":[{"count":1,"href":"https:\/\/www.ssccalameda.cl\/portal\/wp-json\/wp\/v2\/posts\/6481\/revisions"}],"predecessor-version":[{"id":6488,"href":"https:\/\/www.ssccalameda.cl\/portal\/wp-json\/wp\/v2\/posts\/6481\/revisions\/6488"}],"wp:featuredmedia":[{"embeddable":true,"href":"https:\/\/www.ssccalameda.cl\/portal\/wp-json\/wp\/v2\/media\/6487"}],"wp:attachment":[{"href":"https:\/\/www.ssccalameda.cl\/portal\/wp-json\/wp\/v2\/media?parent=6481"}],"wp:term":[{"taxonomy":"category","embeddable":true,"href":"https:\/\/www.ssccalameda.cl\/portal\/wp-json\/wp\/v2\/categories?post=6481"},{"taxonomy":"post_tag","embeddable":true,"href":"https:\/\/www.ssccalameda.cl\/portal\/wp-json\/wp\/v2\/tags?post=6481"}],"curies":[{"name":"wp","href":"https:\/\/api.w.org\/{rel}","templated":true}]}}