{"id":6533,"date":"2021-10-07T17:16:22","date_gmt":"2021-10-07T20:16:22","guid":{"rendered":"http:\/\/www.ssccalameda.cl\/portal\/?p=6533"},"modified":"2021-10-07T17:16:24","modified_gmt":"2021-10-07T20:16:24","slug":"comite-para-la-sana-convivencia-escolar-2","status":"publish","type":"post","link":"https:\/\/www.ssccalameda.cl\/portal\/comite-para-la-sana-convivencia-escolar-2\/","title":{"rendered":"Comit\u00e9 para la sana convivencia escolar"},"content":{"rendered":"\n<p>El martes 29 de septiembre se realiz\u00f3 el sexto comit\u00e9 para la sana convivencia escolar con la participaci\u00f3n de representantes de distintos estamentos de la comunidad educativa.<\/p>\n\n\n\n<p>En la reuni\u00f3n se presentaron las acciones del plan anual de Convivencia Escolar gestionadas durante el mes septiembre, y el trabajo de los y las mediadoras escolares en el colegio, contextualizando sus inicios y comunicando los procesos formativos en los que han participado durante 2020 y 2021.<\/p>\n\n\n\n<p>Unido a lo anterior se anunci\u00f3 que en noviembre se realizar\u00e1 la ceremonia de imposici\u00f3n de piochas de mediadores\/as, acto que simboliza que han finalizado su formaci\u00f3n como tal y pueden ejercer en plenitud sus funciones.<\/p>\n\n\n\n<p><a href=\"https:\/\/ssccalameda-my.sharepoint.com\/:v:\/g\/personal\/comunicaciones_ssccalameda_cl\/EW00XiwALA5DuD6zCUjsIAUBpN70fIesTzumBKGh-1b8cQ?e=c9XxCP\" data-type=\"URL\" data-id=\"https:\/\/ssccalameda-my.sharepoint.com\/:v:\/g\/personal\/comunicaciones_ssccalameda_cl\/EW00XiwALA5DuD6zCUjsIAUBpN70fIesTzumBKGh-1b8cQ?e=c9XxCP\" target=\"_blank\" rel=\"noreferrer noopener\">Ver video<\/a><\/p>\n","protected":false},"excerpt":{"rendered":"<p>El martes 29 de septiembre se realiz\u00f3 el sexto comit\u00e9 para la sana convivencia escolar con la participaci\u00f3n de representantes de distintos estamentos de la comunidad educativa. En la reuni\u00f3n se presentaron las acciones del plan anual de Convivencia Escolar gestionadas durante el mes septiembre, y el trabajo de los y las mediadoras escolares en &hellip;<\/p>\n","protected":false},"author":4,"featured_media":6534,"comment_status":"closed","ping_status":"closed","sticky":false,"template":"","format":"standard","meta":{"footnotes":""},"categories":[40],"tags":[],"_links":{"self":[{"href":"https:\/\/www.ssccalameda.cl\/portal\/wp-json\/wp\/v2\/posts\/6533"}],"collection":[{"href":"https:\/\/www.ssccalameda.cl\/portal\/wp-json\/wp\/v2\/posts"}],"about":[{"href":"https:\/\/www.ssccalameda.cl\/portal\/wp-json\/wp\/v2\/types\/post"}],"author":[{"embeddable":true,"href":"https:\/\/www.ssccalameda.cl\/portal\/wp-json\/wp\/v2\/users\/4"}],"replies":[{"embeddable":true,"href":"https:\/\/www.ssccalameda.cl\/portal\/wp-json\/wp\/v2\/comments?post=6533"}],"version-history":[{"count":1,"href":"https:\/\/www.ssccalameda.cl\/portal\/wp-json\/wp\/v2\/posts\/6533\/revisions"}],"predecessor-version":[{"id":6535,"href":"https:\/\/www.ssccalameda.cl\/portal\/wp-json\/wp\/v2\/posts\/6533\/revisions\/6535"}],"wp:featuredmedia":[{"embeddable":true,"href":"https:\/\/www.ssccalameda.cl\/portal\/wp-json\/wp\/v2\/media\/6534"}],"wp:attachment":[{"href":"https:\/\/www.ssccalameda.cl\/portal\/wp-json\/wp\/v2\/media?parent=6533"}],"wp:term":[{"taxonomy":"category","embeddable":true,"href":"https:\/\/www.ssccalameda.cl\/portal\/wp-json\/wp\/v2\/categories?post=6533"},{"taxonomy":"post_tag","embeddable":true,"href":"https:\/\/www.ssccalameda.cl\/portal\/wp-json\/wp\/v2\/tags?post=6533"}],"curies":[{"name":"wp","href":"https:\/\/api.w.org\/{rel}","templated":true}]}}