{"id":6621,"date":"2021-10-13T15:12:37","date_gmt":"2021-10-13T18:12:37","guid":{"rendered":"http:\/\/www.ssccalameda.cl\/portal\/?p=6621"},"modified":"2021-10-13T15:13:33","modified_gmt":"2021-10-13T18:13:33","slug":"vacunacion-contra-el-covid-10","status":"publish","type":"post","link":"https:\/\/www.ssccalameda.cl\/portal\/vacunacion-contra-el-covid-10\/","title":{"rendered":"Vacunaci\u00f3n contra el Covid-10"},"content":{"rendered":"\n<p>Para estudiantes de 1ero a 6to B\u00e1sico<\/p>\n\n\n\n<p>Estimada comunidad de padres, madres y apoderados\/as:<\/p>\n\n\n\n<p>Junto con saludar, les informamos que el <strong>mi\u00e9rcoles 20, jueves 21 y lunes 25 de octubre <\/strong>entre las<strong> 9:00 <\/strong>y las<strong> 12:00 horas<\/strong>, se llevar\u00e1 a cabo la<strong> vacunaci\u00f3n contra el Covid-19<\/strong> para los\/as estudiantes de <strong>1ero a 6to B\u00e1sico<\/strong> que tengan entre 6 a\u00f1os y 11 a\u00f1os cumplidos.<\/p>\n\n\n\n<p>Este proceso se enmarca en la campa\u00f1a impulsada por el Ministerio de Salud con car\u00e1cter voluntario, por lo que, independiente que el\/la estudiante est\u00e9 acompa\u00f1ado por su padre\/madre\/apoderado(a), es requisito presentar la <strong>carta de autorizaci\u00f3n<\/strong> adjunta a esta circular (p\u00e1gina 3 del archivo \u201cCarta de informaci\u00f3n y autorizaci\u00f3n vacuna Covid-19\u201d).<\/p>\n\n\n\n<p>Si el\/la estudiante ya est\u00e1 vacunado\/a, por favor, escribir a <a href=\"mailto:primerosauxilios@ssccalameda.cl\">primerosauxilios@ssccalameda.cl<\/a> indicando nombre completo, RUT, curso, fecha de primera y segunda dosis y tipo de vacuna (Pfizer o Sinovac). Adem\u00e1s, se debe adjuntar el certificado de vacunaci\u00f3n y\/o carnet donde se se\u00f1alen los datos del\/la menor. En caso de no vacunar, de igual manera debe escribir al correo anterior con los mismos datos, informando su decisi\u00f3n (no es necesario una carta de rechazo). Lo anterior, es con el objetivo de registrar la estad\u00edstica y cobertura de vacunaci\u00f3n COVID-19 en establecimientos educacionales; normativa exigida por el MINSAL.<\/p>\n\n\n\n<p>Considerando la contingencia sanitaria, la jornada se llevar\u00e1 a cabo en el <strong>gimnasio del Colegio. El acceso ser\u00e1 por Calle Carrera 109 y la salida por calle Almirante Latorre<\/strong>, conforme a las siguientes indicaciones:<\/p>\n\n\n\n<p><strong>&nbsp;&#8211; <\/strong>S\u00f3lo se permitir\u00e1<strong> un acompa\u00f1ante por estudiante, <\/strong>ambos deben usar mascarilla en todo momento, mantener la distancia f\u00edsica y seguir las instrucciones de las personas a cargo del proceso. <strong>Despu\u00e9s de recibir la vacuna deben esperar 15-20 minutos, por si el\/la estudiante presenta efectos adversos a la vacuna. <\/strong><strong>El patio de colores estar\u00e1 dispuesto para ese fin.<\/strong><strong><\/strong><\/p>\n\n\n\n<p><strong>&#8211; <\/strong>Antes de ingresar, los\/as asistentes deben <strong>presentar su pase de movilidad<\/strong> y someterse al<strong> control de temperatura corporal. <\/strong>Si alguien arroja un registro <strong>mayor a 37.8 \u00b0C<\/strong> y\/o presenta s\u00edntomas respiratorios, <strong>no podr\u00e1 ingresar al colegio<\/strong>.<\/p>\n\n\n\n<p>&#8211; Al ingresar recibir\u00e1n un n\u00famero de atenci\u00f3n.<strong><\/strong><\/p>\n\n\n\n<p>Les recordamos que nuestro establecimiento cuenta con protocolos para evitar posibles contagios durante el proceso, no obstante, es importante respetar los siguientes horarios establecidos por nivel:<\/p>\n\n\n\n<figure class=\"wp-block-table\"><table><tbody><tr><td><\/td><td><strong>Mi\u00e9rcoles 20\/10<\/strong><\/td><td><strong>Jueves 21\/10<\/strong><\/td><td><strong>Lunes 25\/10<\/strong><\/td><\/tr><tr><td><strong>9:00 a 10:30 hrs.<\/strong><\/td><td>1eros B\u00e1sicos<\/td><td>3eros B\u00e1sicos<\/td><td>5tos B\u00e1sicos<\/td><\/tr><tr><td><strong>10:30 a 12:00 hrs.<\/strong><\/td><td>2dos B\u00e1sicos<\/td><td>4tos B\u00e1sicos<\/td><td>6tos B\u00e1sicos<\/td><\/tr><\/tbody><\/table><\/figure>\n\n\n\n<p><strong>Tanto los\/as estudiantes que tengan 6 a\u00f1os y se encuentren cursando K\u00ednder, como aquellos que tengan 11 a\u00f1os y est\u00e9n en 7\u00b0 B\u00e1sico, deben acudir al vacunatorio m\u00e1s cercano a su domicilio.<\/strong><\/p>\n\n\n\n<p>Si no puede asistir durante la semana de programaci\u00f3n, el\/ la estudiante podr\u00e1 recibir su inoculaci\u00f3n en el CESFAM N\u00b05, ubicado en Uni\u00f3n Latinoamericana N\u00b098. &nbsp;Por su parte, los\/as estudiantes de K\u00ednder, 7mo y 8vo B\u00e1sico, pueden ir al Estadio V\u00edctor Jara, ubicado en Uni\u00f3n Latinoamericana #55.<\/p>\n\n\n\n<p>Afectuosamente,<\/p>\n\n\n\n<p class=\"has-text-align-center\"><strong>LA DIRECCI\u00d3N<\/strong><\/p>\n\n\n\n<div class=\"wp-block-file\"><a href=\"http:\/\/www.ssccalameda.cl\/portal\/wp-content\/uploads\/2021\/10\/Carta-de-informacion-y-autorizacion-vacuna-Covid-19.pdf\">Carta-de-inf-y-autorizaci\u00f3n-vacuna<\/a><a href=\"http:\/\/www.ssccalameda.cl\/portal\/wp-content\/uploads\/2021\/10\/Carta-de-informacion-y-autorizacion-vacuna-Covid-19.pdf\" class=\"wp-block-file__button\" download><span class=\"has-inline-color has-white-color\">Descarga<\/span><\/a><\/div>\n\n\n\n<div class=\"wp-block-file\"><a href=\"http:\/\/www.ssccalameda.cl\/portal\/wp-content\/uploads\/2021\/10\/211013_VacunacionCovid202.pdf\">211013_VacunacionCovid202<\/a><a href=\"http:\/\/www.ssccalameda.cl\/portal\/wp-content\/uploads\/2021\/10\/211013_VacunacionCovid202.pdf\" class=\"wp-block-file__button\" download><span class=\"has-inline-color has-white-color\">Descarga<\/span><\/a><\/div>\n","protected":false},"excerpt":{"rendered":"<p>Para estudiantes de 1ero a 6to B\u00e1sico Estimada comunidad de padres, madres y apoderados\/as: Junto con saludar, les informamos que el mi\u00e9rcoles 20, jueves 21 y lunes 25 de octubre entre las 9:00 y las 12:00 horas, se llevar\u00e1 a cabo la vacunaci\u00f3n contra el Covid-19 para los\/as estudiantes de 1ero a 6to B\u00e1sico que &hellip;<\/p>\n","protected":false},"author":4,"featured_media":6264,"comment_status":"closed","ping_status":"closed","sticky":false,"template":"","format":"standard","meta":{"footnotes":""},"categories":[41],"tags":[],"_links":{"self":[{"href":"https:\/\/www.ssccalameda.cl\/portal\/wp-json\/wp\/v2\/posts\/6621"}],"collection":[{"href":"https:\/\/www.ssccalameda.cl\/portal\/wp-json\/wp\/v2\/posts"}],"about":[{"href":"https:\/\/www.ssccalameda.cl\/portal\/wp-json\/wp\/v2\/types\/post"}],"author":[{"embeddable":true,"href":"https:\/\/www.ssccalameda.cl\/portal\/wp-json\/wp\/v2\/users\/4"}],"replies":[{"embeddable":true,"href":"https:\/\/www.ssccalameda.cl\/portal\/wp-json\/wp\/v2\/comments?post=6621"}],"version-history":[{"count":1,"href":"https:\/\/www.ssccalameda.cl\/portal\/wp-json\/wp\/v2\/posts\/6621\/revisions"}],"predecessor-version":[{"id":6624,"href":"https:\/\/www.ssccalameda.cl\/portal\/wp-json\/wp\/v2\/posts\/6621\/revisions\/6624"}],"wp:featuredmedia":[{"embeddable":true,"href":"https:\/\/www.ssccalameda.cl\/portal\/wp-json\/wp\/v2\/media\/6264"}],"wp:attachment":[{"href":"https:\/\/www.ssccalameda.cl\/portal\/wp-json\/wp\/v2\/media?parent=6621"}],"wp:term":[{"taxonomy":"category","embeddable":true,"href":"https:\/\/www.ssccalameda.cl\/portal\/wp-json\/wp\/v2\/categories?post=6621"},{"taxonomy":"post_tag","embeddable":true,"href":"https:\/\/www.ssccalameda.cl\/portal\/wp-json\/wp\/v2\/tags?post=6621"}],"curies":[{"name":"wp","href":"https:\/\/api.w.org\/{rel}","templated":true}]}}