{"id":6625,"date":"2021-10-13T20:13:33","date_gmt":"2021-10-13T23:13:33","guid":{"rendered":"http:\/\/www.ssccalameda.cl\/portal\/?p=6625"},"modified":"2021-10-13T20:14:31","modified_gmt":"2021-10-13T23:14:31","slug":"ano-de-san-jose","status":"publish","type":"post","link":"https:\/\/www.ssccalameda.cl\/portal\/ano-de-san-jose\/","title":{"rendered":"A\u00f1o de San Jos\u00e9"},"content":{"rendered":"\n<p>El 2021 es el a\u00f1o de san Jos\u00e9, as\u00ed lo ha recordado el Papa Francisco en la Carta apost\u00f3lica,&nbsp;<em>Patris corde&nbsp;<\/em>(coraz\u00f3n de padre), en el marco del 150 aniversario de la declaraci\u00f3n de este santo como patrono de la Iglesia universal.<\/p>\n\n\n\n<figure class=\"wp-block-embed-youtube wp-block-embed is-type-video is-provider-youtube wp-embed-aspect-16-9 wp-has-aspect-ratio\"><div class=\"wp-block-embed__wrapper\">\n<iframe loading=\"lazy\" title=\"A San Jos\u00e9\" width=\"618\" height=\"348\" src=\"https:\/\/www.youtube.com\/embed\/MvAqpGI0gVU?feature=oembed\" frameborder=\"0\" allow=\"accelerometer; autoplay; clipboard-write; encrypted-media; gyroscope; picture-in-picture\" allowfullscreen><\/iframe>\n<\/div><\/figure>\n","protected":false},"excerpt":{"rendered":"<p>El 2021 es el a\u00f1o de san Jos\u00e9, as\u00ed lo ha recordado el Papa Francisco en la Carta apost\u00f3lica,&nbsp;Patris corde&nbsp;(coraz\u00f3n de padre), en el marco del 150 aniversario de la declaraci\u00f3n de este santo como patrono de la Iglesia universal.<\/p>\n","protected":false},"author":4,"featured_media":6626,"comment_status":"closed","ping_status":"closed","sticky":false,"template":"","format":"standard","meta":{"footnotes":""},"categories":[40],"tags":[],"_links":{"self":[{"href":"https:\/\/www.ssccalameda.cl\/portal\/wp-json\/wp\/v2\/posts\/6625"}],"collection":[{"href":"https:\/\/www.ssccalameda.cl\/portal\/wp-json\/wp\/v2\/posts"}],"about":[{"href":"https:\/\/www.ssccalameda.cl\/portal\/wp-json\/wp\/v2\/types\/post"}],"author":[{"embeddable":true,"href":"https:\/\/www.ssccalameda.cl\/portal\/wp-json\/wp\/v2\/users\/4"}],"replies":[{"embeddable":true,"href":"https:\/\/www.ssccalameda.cl\/portal\/wp-json\/wp\/v2\/comments?post=6625"}],"version-history":[{"count":1,"href":"https:\/\/www.ssccalameda.cl\/portal\/wp-json\/wp\/v2\/posts\/6625\/revisions"}],"predecessor-version":[{"id":6628,"href":"https:\/\/www.ssccalameda.cl\/portal\/wp-json\/wp\/v2\/posts\/6625\/revisions\/6628"}],"wp:featuredmedia":[{"embeddable":true,"href":"https:\/\/www.ssccalameda.cl\/portal\/wp-json\/wp\/v2\/media\/6626"}],"wp:attachment":[{"href":"https:\/\/www.ssccalameda.cl\/portal\/wp-json\/wp\/v2\/media?parent=6625"}],"wp:term":[{"taxonomy":"category","embeddable":true,"href":"https:\/\/www.ssccalameda.cl\/portal\/wp-json\/wp\/v2\/categories?post=6625"},{"taxonomy":"post_tag","embeddable":true,"href":"https:\/\/www.ssccalameda.cl\/portal\/wp-json\/wp\/v2\/tags?post=6625"}],"curies":[{"name":"wp","href":"https:\/\/api.w.org\/{rel}","templated":true}]}}