{"id":6652,"date":"2021-10-14T15:17:27","date_gmt":"2021-10-14T18:17:27","guid":{"rendered":"http:\/\/www.ssccalameda.cl\/portal\/?p=6652"},"modified":"2021-10-14T15:27:42","modified_gmt":"2021-10-14T18:27:42","slug":"modificaciones-en-la-agenda-de-trabajo-de-los-as-estudiantes","status":"publish","type":"post","link":"https:\/\/www.ssccalameda.cl\/portal\/modificaciones-en-la-agenda-de-trabajo-de-los-as-estudiantes\/","title":{"rendered":"Modificaciones en la agenda de trabajo de los\/as estudiantes"},"content":{"rendered":"\n<p>Entre el 18 y el 25 de octubre <\/p>\n\n\n\n<p class=\"has-text-align-right\">Santiago, 14 de octubre de2021<\/p>\n\n\n\n<p>Estimadas familias:<\/p>\n\n\n\n<p>Junto con saludarlos y desearles que se encuentren bien, les informamos que, debido a diferentes eventos, tendremos algunos cambios transitorios, en la modalidad de trabajo de los estudiantes.<\/p>\n\n\n\n<figure class=\"wp-block-table\"><table><tbody><tr><td class=\"has-text-align-center\" data-align=\"center\"><strong>D\u00eda<\/strong><\/td><td class=\"has-text-align-center\" data-align=\"center\"><strong>Situaci\u00f3n<\/strong><\/td><td class=\"has-text-align-center\" data-align=\"center\"><strong>Niveles<\/strong><\/td><td class=\"has-text-align-center\" data-align=\"center\"><strong>Modalidad de clases<\/strong><\/td><td class=\"has-text-align-center\" data-align=\"center\"><strong>Horario de salida<\/strong><\/td><\/tr><tr><td class=\"has-text-align-center\" data-align=\"center\">18 de octubre<\/td><td class=\"has-text-align-center\" data-align=\"center\">Medidas de seguridad<\/td><td class=\"has-text-align-center\" data-align=\"center\">Ciclo inicial<\/td><td class=\"has-text-align-center\" data-align=\"center\">Clases h\u00edbridas<\/td><td class=\"has-text-align-center\" data-align=\"center\">12:00<\/td><\/tr><tr><td class=\"has-text-align-center\" data-align=\"center\">18 de octubre<\/td><td class=\"has-text-align-center\" data-align=\"center\">Medidas de seguridad<\/td><td class=\"has-text-align-center\" data-align=\"center\">Ciclo Menor<\/td><td class=\"has-text-align-center\" data-align=\"center\">Clases h\u00edbridas<\/td><td class=\"has-text-align-center\" data-align=\"center\">12:00<\/td><\/tr><tr><td class=\"has-text-align-center\" data-align=\"center\">18 de octubre<\/td><td class=\"has-text-align-center\" data-align=\"center\">Medidas de seguridad<\/td><td class=\"has-text-align-center\" data-align=\"center\">III y IV Medio<\/td><td class=\"has-text-align-center\" data-align=\"center\">Clases h\u00edbridas<\/td><td class=\"has-text-align-center\" data-align=\"center\">12:45<\/td><\/tr><tr><td class=\"has-text-align-center\" data-align=\"center\">18 de octubre<\/td><td class=\"has-text-align-center\" data-align=\"center\">Medidas de seguridad<\/td><td class=\"has-text-align-center\" data-align=\"center\">7mo B\u00e1sico a II Medio<\/td><td class=\"has-text-align-center\" data-align=\"center\">Clases virtuales<\/td><td class=\"has-text-align-center\" data-align=\"center\">Seg\u00fan horario de clases<\/td><\/tr><tr><td class=\"has-text-align-center\" data-align=\"center\">20 de octubre<\/td><td class=\"has-text-align-center\" data-align=\"center\">Jornada de vacunaci\u00f3n<\/td><td class=\"has-text-align-center\" data-align=\"center\">1ero y 2do B\u00e1sico<\/td><td class=\"has-text-align-center\" data-align=\"center\">Clases virtuales (repaso)<\/td><td class=\"has-text-align-center\" data-align=\"center\">Seg\u00fan horario de clases<\/td><\/tr><tr><td class=\"has-text-align-center\" data-align=\"center\">21 de octubre<\/td><td class=\"has-text-align-center\" data-align=\"center\">Jornada de vacunaci\u00f3n<\/td><td class=\"has-text-align-center\" data-align=\"center\">3ero y 4to B\u00e1sico<\/td><td class=\"has-text-align-center\" data-align=\"center\">Clases virtuales (repaso)<\/td><td class=\"has-text-align-center\" data-align=\"center\">Seg\u00fan horario de clases<\/td><\/tr><tr><td class=\"has-text-align-center\" data-align=\"center\">25 de octubre<\/td><td class=\"has-text-align-center\" data-align=\"center\">Jornada de vacunaci\u00f3n<\/td><td class=\"has-text-align-center\" data-align=\"center\">5to y 6to B\u00e1sico<\/td><td class=\"has-text-align-center\" data-align=\"center\">Clases virtuales (repaso)<\/td><td class=\"has-text-align-center\" data-align=\"center\">Seg\u00fan horario de clases<\/td><\/tr><\/tbody><\/table><\/figure>\n\n\n\n<p><\/p>\n\n\n\n<p><strong>Se solicita que los d\u00edas de vacunaci\u00f3n, no se asista con mascotas al colegio.<\/strong><\/p>\n\n\n\n<p>Agradecemos la comprensi\u00f3n por las medidas tomadas.<\/p>\n\n\n\n<p>Fraternalmente,<\/p>\n\n\n\n<p class=\"has-text-align-center\"><strong>La Direcci\u00f3n<\/strong><\/p>\n\n\n\n<div class=\"wp-block-file\"><a href=\"http:\/\/www.ssccalameda.cl\/portal\/wp-content\/uploads\/2021\/10\/211014_Comunicado-clases-18-al-15-oct.pdf\">211014_Comunicado-clases-18-al-25-oct<\/a><a href=\"http:\/\/www.ssccalameda.cl\/portal\/wp-content\/uploads\/2021\/10\/211014_Comunicado-clases-18-al-15-oct.pdf\" class=\"wp-block-file__button\" download><span class=\"has-inline-color has-white-color\">Descarga<\/span><\/a><\/div>\n\n\n\n<p><\/p>\n","protected":false},"excerpt":{"rendered":"<p>Entre el 18 y el 25 de octubre Santiago, 14 de octubre de2021 Estimadas familias: Junto con saludarlos y desearles que se encuentren bien, les informamos que, debido a diferentes eventos, tendremos algunos cambios transitorios, en la modalidad de trabajo de los estudiantes. D\u00edaSituaci\u00f3nNivelesModalidad de clasesHorario de salida18 de octubreMedidas de seguridadCiclo inicialClases h\u00edbridas12:0018 de &hellip;<\/p>\n","protected":false},"author":4,"featured_media":5926,"comment_status":"closed","ping_status":"closed","sticky":false,"template":"","format":"standard","meta":{"footnotes":""},"categories":[41],"tags":[],"_links":{"self":[{"href":"https:\/\/www.ssccalameda.cl\/portal\/wp-json\/wp\/v2\/posts\/6652"}],"collection":[{"href":"https:\/\/www.ssccalameda.cl\/portal\/wp-json\/wp\/v2\/posts"}],"about":[{"href":"https:\/\/www.ssccalameda.cl\/portal\/wp-json\/wp\/v2\/types\/post"}],"author":[{"embeddable":true,"href":"https:\/\/www.ssccalameda.cl\/portal\/wp-json\/wp\/v2\/users\/4"}],"replies":[{"embeddable":true,"href":"https:\/\/www.ssccalameda.cl\/portal\/wp-json\/wp\/v2\/comments?post=6652"}],"version-history":[{"count":1,"href":"https:\/\/www.ssccalameda.cl\/portal\/wp-json\/wp\/v2\/posts\/6652\/revisions"}],"predecessor-version":[{"id":6657,"href":"https:\/\/www.ssccalameda.cl\/portal\/wp-json\/wp\/v2\/posts\/6652\/revisions\/6657"}],"wp:featuredmedia":[{"embeddable":true,"href":"https:\/\/www.ssccalameda.cl\/portal\/wp-json\/wp\/v2\/media\/5926"}],"wp:attachment":[{"href":"https:\/\/www.ssccalameda.cl\/portal\/wp-json\/wp\/v2\/media?parent=6652"}],"wp:term":[{"taxonomy":"category","embeddable":true,"href":"https:\/\/www.ssccalameda.cl\/portal\/wp-json\/wp\/v2\/categories?post=6652"},{"taxonomy":"post_tag","embeddable":true,"href":"https:\/\/www.ssccalameda.cl\/portal\/wp-json\/wp\/v2\/tags?post=6652"}],"curies":[{"name":"wp","href":"https:\/\/api.w.org\/{rel}","templated":true}]}}