{"id":6662,"date":"2021-10-18T11:33:14","date_gmt":"2021-10-18T14:33:14","guid":{"rendered":"http:\/\/www.ssccalameda.cl\/portal\/?p=6662"},"modified":"2021-10-18T11:34:25","modified_gmt":"2021-10-18T14:34:25","slug":"primera-comuniones-5to-a-y-b","status":"publish","type":"post","link":"https:\/\/www.ssccalameda.cl\/portal\/primera-comuniones-5to-a-y-b\/","title":{"rendered":"Primera Comuniones 5to A y B"},"content":{"rendered":"\n<p>Acompa\u00f1ados\/as de sus padres, hermanos\/as, catequistas y profesores\/as jefe, los\/as estudiantes de los 5tos B\u00e1sicos A y B recibieron su Primera Comuni\u00f3n.<\/p>\n\n\n\n<p>Durante las ceremonias, tanto el Padre Andr\u00e9s Moro como el Padre Washington Bravo, compartieron la alegr\u00eda de haber llegado a este momento tan importante en el camino de la fe.<\/p>\n\n\n\n<figure class=\"wp-block-gallery columns-2 is-cropped wp-block-gallery-1 is-layout-flex wp-block-gallery-is-layout-flex\"><ul class=\"blocks-gallery-grid\"><li class=\"blocks-gallery-item\"><figure><img loading=\"lazy\" decoding=\"async\" width=\"300\" height=\"200\" src=\"http:\/\/www.ssccalameda.cl\/portal\/wp-content\/uploads\/2021\/10\/IMG_0107-300x200.jpg\" alt=\"\" data-id=\"6663\" data-link=\"http:\/\/www.ssccalameda.cl\/portal\/?attachment_id=6663\" class=\"wp-image-6663\" srcset=\"https:\/\/www.ssccalameda.cl\/portal\/wp-content\/uploads\/2021\/10\/IMG_0107-300x200.jpg 300w, https:\/\/www.ssccalameda.cl\/portal\/wp-content\/uploads\/2021\/10\/IMG_0107-1024x683.jpg 1024w, https:\/\/www.ssccalameda.cl\/portal\/wp-content\/uploads\/2021\/10\/IMG_0107-768x512.jpg 768w, https:\/\/www.ssccalameda.cl\/portal\/wp-content\/uploads\/2021\/10\/IMG_0107-1536x1024.jpg 1536w, https:\/\/www.ssccalameda.cl\/portal\/wp-content\/uploads\/2021\/10\/IMG_0107-2048x1365.jpg 2048w\" sizes=\"(max-width: 300px) 100vw, 300px\" \/><\/figure><\/li><li class=\"blocks-gallery-item\"><figure><img loading=\"lazy\" decoding=\"async\" width=\"300\" height=\"200\" src=\"http:\/\/www.ssccalameda.cl\/portal\/wp-content\/uploads\/2021\/10\/IMG_0233-300x200.jpg\" alt=\"\" data-id=\"6664\" data-full-url=\"http:\/\/www.ssccalameda.cl\/portal\/wp-content\/uploads\/2021\/10\/IMG_0233-scaled.jpg\" data-link=\"http:\/\/www.ssccalameda.cl\/portal\/?attachment_id=6664\" class=\"wp-image-6664\" srcset=\"https:\/\/www.ssccalameda.cl\/portal\/wp-content\/uploads\/2021\/10\/IMG_0233-300x200.jpg 300w, https:\/\/www.ssccalameda.cl\/portal\/wp-content\/uploads\/2021\/10\/IMG_0233-1024x683.jpg 1024w, https:\/\/www.ssccalameda.cl\/portal\/wp-content\/uploads\/2021\/10\/IMG_0233-768x512.jpg 768w, https:\/\/www.ssccalameda.cl\/portal\/wp-content\/uploads\/2021\/10\/IMG_0233-1536x1024.jpg 1536w, https:\/\/www.ssccalameda.cl\/portal\/wp-content\/uploads\/2021\/10\/IMG_0233-2048x1365.jpg 2048w\" sizes=\"(max-width: 300px) 100vw, 300px\" \/><\/figure><\/li><\/ul><\/figure>\n\n\n\n<figure class=\"wp-block-embed-youtube wp-block-embed is-type-video is-provider-youtube wp-embed-aspect-16-9 wp-has-aspect-ratio\"><div class=\"wp-block-embed__wrapper\">\n<iframe loading=\"lazy\" title=\"Primera comuni\u00f2n 5 B\u00e1sico A\" width=\"618\" height=\"348\" src=\"https:\/\/www.youtube.com\/embed\/z9-NJNmfTW4?feature=oembed\" frameborder=\"0\" allow=\"accelerometer; autoplay; clipboard-write; encrypted-media; gyroscope; picture-in-picture\" allowfullscreen><\/iframe>\n<\/div><\/figure>\n\n\n\n<figure class=\"wp-block-embed-youtube wp-block-embed is-type-video is-provider-youtube wp-embed-aspect-16-9 wp-has-aspect-ratio\"><div class=\"wp-block-embed__wrapper\">\n<iframe loading=\"lazy\" title=\"Primera Comuni\u00f3n 5 B\u00e1sico B\" width=\"618\" height=\"348\" src=\"https:\/\/www.youtube.com\/embed\/qorqMQmw53w?feature=oembed\" frameborder=\"0\" allow=\"accelerometer; autoplay; clipboard-write; encrypted-media; gyroscope; picture-in-picture\" allowfullscreen><\/iframe>\n<\/div><\/figure>\n","protected":false},"excerpt":{"rendered":"<p>Acompa\u00f1ados\/as de sus padres, hermanos\/as, catequistas y profesores\/as jefe, los\/as estudiantes de los 5tos B\u00e1sicos A y B recibieron su Primera Comuni\u00f3n. Durante las ceremonias, tanto el Padre Andr\u00e9s Moro como el Padre Washington Bravo, compartieron la alegr\u00eda de haber llegado a este momento tan importante en el camino de la fe.<\/p>\n","protected":false},"author":4,"featured_media":6665,"comment_status":"closed","ping_status":"closed","sticky":false,"template":"","format":"standard","meta":{"footnotes":""},"categories":[40],"tags":[],"_links":{"self":[{"href":"https:\/\/www.ssccalameda.cl\/portal\/wp-json\/wp\/v2\/posts\/6662"}],"collection":[{"href":"https:\/\/www.ssccalameda.cl\/portal\/wp-json\/wp\/v2\/posts"}],"about":[{"href":"https:\/\/www.ssccalameda.cl\/portal\/wp-json\/wp\/v2\/types\/post"}],"author":[{"embeddable":true,"href":"https:\/\/www.ssccalameda.cl\/portal\/wp-json\/wp\/v2\/users\/4"}],"replies":[{"embeddable":true,"href":"https:\/\/www.ssccalameda.cl\/portal\/wp-json\/wp\/v2\/comments?post=6662"}],"version-history":[{"count":1,"href":"https:\/\/www.ssccalameda.cl\/portal\/wp-json\/wp\/v2\/posts\/6662\/revisions"}],"predecessor-version":[{"id":6667,"href":"https:\/\/www.ssccalameda.cl\/portal\/wp-json\/wp\/v2\/posts\/6662\/revisions\/6667"}],"wp:featuredmedia":[{"embeddable":true,"href":"https:\/\/www.ssccalameda.cl\/portal\/wp-json\/wp\/v2\/media\/6665"}],"wp:attachment":[{"href":"https:\/\/www.ssccalameda.cl\/portal\/wp-json\/wp\/v2\/media?parent=6662"}],"wp:term":[{"taxonomy":"category","embeddable":true,"href":"https:\/\/www.ssccalameda.cl\/portal\/wp-json\/wp\/v2\/categories?post=6662"},{"taxonomy":"post_tag","embeddable":true,"href":"https:\/\/www.ssccalameda.cl\/portal\/wp-json\/wp\/v2\/tags?post=6662"}],"curies":[{"name":"wp","href":"https:\/\/api.w.org\/{rel}","templated":true}]}}