{"id":6685,"date":"2021-10-19T18:04:30","date_gmt":"2021-10-19T21:04:30","guid":{"rendered":"http:\/\/www.ssccalameda.cl\/portal\/?p=6685"},"modified":"2021-10-20T16:15:40","modified_gmt":"2021-10-20T19:15:40","slug":"como-colegio-nos-sumamos-a-la-colecta-nacional-de-fundacion-las-rosas","status":"publish","type":"post","link":"https:\/\/www.ssccalameda.cl\/portal\/como-colegio-nos-sumamos-a-la-colecta-nacional-de-fundacion-las-rosas\/","title":{"rendered":"Nos sumamos a la colecta nacional de Fundaci\u00f3n Las Rosas"},"content":{"rendered":"\n<p class=\"has-text-align-right\">Santiago, martes 19 de octubre de 2021<\/p>\n\n\n\n<p>Estimados padres, madres y apoderados(as):<\/p>\n\n\n\n<p><br>Junto con saludarles, nos dirigimos a ustedes para informarles que hemos recibido una solicitud de la Fundaci\u00f3n Las Rosas, invit\u00e1ndonos a participar en la <strong>colecta nacional <\/strong>en favor de ellos.<\/p>\n\n\n\n<p>Como colegio, hemos decidido sumarnos a esta iniciativa solidaria que este a\u00f1o tiene como lema \u201cVolver a verlos sonre\u00edr\u201d, y que busca generar recursos econ\u00f3micos para apoyar a los cerca de 2 mil personas de la tercera edad, residentes en los 28 hogares sostenidos por la fundaci\u00f3n.<\/p>\n\n\n\n<p>Por ello, realizaremos internamente <strong>una colecta desde el d\u00eda martes 26 y hasta el viernes 29 de octubre<\/strong>, para lo que les solicitamos que, quienes puedan, env\u00eden sus aportes en dinero.&nbsp; Estos aportes que son absolutamente voluntarios ser\u00e1n recolectados en los cursos por estudiantes del Centro de Alumnos\/as del Cuerpo de Brigadieres.<\/p>\n\n\n\n<p>Desde ya les agradecemos su permanente compromiso con los m\u00e1s necesitados y le pedimos a los Sagrados Corazones de Jes\u00fas y de Mar\u00eda que los sigan bendiciendo a ustedes y a sus familias.<\/p>\n\n\n\n<p>Afectuosamente,<\/p>\n\n\n\n<p class=\"has-text-align-center\"><strong>La Direcci\u00f3n<\/strong><\/p>\n\n\n\n<div class=\"wp-block-file\"><a href=\"http:\/\/www.ssccalameda.cl\/portal\/wp-content\/uploads\/2021\/10\/211019_Circular-Colecta-Fundacion-Las-Rosas-2021.pdf\">211019_Colecta-Fundacion-Las-Rosas-2021<\/a><a href=\"http:\/\/www.ssccalameda.cl\/portal\/wp-content\/uploads\/2021\/10\/211019_Circular-Colecta-Fundacion-Las-Rosas-2021.pdf\" class=\"wp-block-file__button\" download><span class=\"has-inline-color has-white-color\">Descarga<\/span><\/a><\/div>\n\n\n\n<figure class=\"wp-block-embed-youtube wp-block-embed is-type-video is-provider-youtube wp-embed-aspect-16-9 wp-has-aspect-ratio\"><div class=\"wp-block-embed__wrapper\">\n<iframe loading=\"lazy\" title=\"T\u00fa puedes ser parte de esta obra de amor fraterno\" width=\"618\" height=\"348\" src=\"https:\/\/www.youtube.com\/embed\/6Mw415Zi_bM?list=PLUenFBrox5AqQBntzSMXyT9sk-p4Wj0fE\" frameborder=\"0\" allow=\"accelerometer; autoplay; clipboard-write; encrypted-media; gyroscope; picture-in-picture\" allowfullscreen><\/iframe>\n<\/div><\/figure>\n","protected":false},"excerpt":{"rendered":"<p>Santiago, martes 19 de octubre de 2021 Estimados padres, madres y apoderados(as): Junto con saludarles, nos dirigimos a ustedes para informarles que hemos recibido una solicitud de la Fundaci\u00f3n Las Rosas, invit\u00e1ndonos a participar en la colecta nacional en favor de ellos. Como colegio, hemos decidido sumarnos a esta iniciativa solidaria que este a\u00f1o tiene &hellip;<\/p>\n","protected":false},"author":4,"featured_media":6687,"comment_status":"closed","ping_status":"closed","sticky":false,"template":"","format":"standard","meta":{"footnotes":""},"categories":[41],"tags":[],"_links":{"self":[{"href":"https:\/\/www.ssccalameda.cl\/portal\/wp-json\/wp\/v2\/posts\/6685"}],"collection":[{"href":"https:\/\/www.ssccalameda.cl\/portal\/wp-json\/wp\/v2\/posts"}],"about":[{"href":"https:\/\/www.ssccalameda.cl\/portal\/wp-json\/wp\/v2\/types\/post"}],"author":[{"embeddable":true,"href":"https:\/\/www.ssccalameda.cl\/portal\/wp-json\/wp\/v2\/users\/4"}],"replies":[{"embeddable":true,"href":"https:\/\/www.ssccalameda.cl\/portal\/wp-json\/wp\/v2\/comments?post=6685"}],"version-history":[{"count":1,"href":"https:\/\/www.ssccalameda.cl\/portal\/wp-json\/wp\/v2\/posts\/6685\/revisions"}],"predecessor-version":[{"id":6710,"href":"https:\/\/www.ssccalameda.cl\/portal\/wp-json\/wp\/v2\/posts\/6685\/revisions\/6710"}],"wp:featuredmedia":[{"embeddable":true,"href":"https:\/\/www.ssccalameda.cl\/portal\/wp-json\/wp\/v2\/media\/6687"}],"wp:attachment":[{"href":"https:\/\/www.ssccalameda.cl\/portal\/wp-json\/wp\/v2\/media?parent=6685"}],"wp:term":[{"taxonomy":"category","embeddable":true,"href":"https:\/\/www.ssccalameda.cl\/portal\/wp-json\/wp\/v2\/categories?post=6685"},{"taxonomy":"post_tag","embeddable":true,"href":"https:\/\/www.ssccalameda.cl\/portal\/wp-json\/wp\/v2\/tags?post=6685"}],"curies":[{"name":"wp","href":"https:\/\/api.w.org\/{rel}","templated":true}]}}