{"id":6721,"date":"2021-10-25T09:11:52","date_gmt":"2021-10-25T12:11:52","guid":{"rendered":"http:\/\/www.ssccalameda.cl\/portal\/?p=6721"},"modified":"2021-10-25T09:11:54","modified_gmt":"2021-10-25T12:11:54","slug":"en-memoria-de-maria-de-la-paz-vidal-vergara","status":"publish","type":"post","link":"https:\/\/www.ssccalameda.cl\/portal\/en-memoria-de-maria-de-la-paz-vidal-vergara\/","title":{"rendered":"En memoria de Mar\u00eda de la Paz Vidal Vergara"},"content":{"rendered":"\n<p>Con gran pesar comunicamos el sensible fallecimiento de nuestra ex Directora de Ciclo, Mar\u00eda de la Paz Vidal Vergara.<\/p>\n\n\n\n<p>Nos unimos en oraci\u00f3n por ella y por su familia con el mismo cari\u00f1o que entreg\u00f3 durante todos sus a\u00f1os de trabajo en el colegio.<\/p>\n\n\n\n<p>Sus funerales se realizar\u00e1n hoy a las 13:00 horas en el Parque del Recuerdo.<\/p>\n","protected":false},"excerpt":{"rendered":"<p>Con gran pesar comunicamos el sensible fallecimiento de nuestra ex Directora de Ciclo, Mar\u00eda de la Paz Vidal Vergara. Nos unimos en oraci\u00f3n por ella y por su familia con el mismo cari\u00f1o que entreg\u00f3 durante todos sus a\u00f1os de trabajo en el colegio. Sus funerales se realizar\u00e1n hoy a las 13:00 horas en el &hellip;<\/p>\n","protected":false},"author":4,"featured_media":6722,"comment_status":"closed","ping_status":"closed","sticky":false,"template":"","format":"standard","meta":{"footnotes":""},"categories":[40],"tags":[],"_links":{"self":[{"href":"https:\/\/www.ssccalameda.cl\/portal\/wp-json\/wp\/v2\/posts\/6721"}],"collection":[{"href":"https:\/\/www.ssccalameda.cl\/portal\/wp-json\/wp\/v2\/posts"}],"about":[{"href":"https:\/\/www.ssccalameda.cl\/portal\/wp-json\/wp\/v2\/types\/post"}],"author":[{"embeddable":true,"href":"https:\/\/www.ssccalameda.cl\/portal\/wp-json\/wp\/v2\/users\/4"}],"replies":[{"embeddable":true,"href":"https:\/\/www.ssccalameda.cl\/portal\/wp-json\/wp\/v2\/comments?post=6721"}],"version-history":[{"count":1,"href":"https:\/\/www.ssccalameda.cl\/portal\/wp-json\/wp\/v2\/posts\/6721\/revisions"}],"predecessor-version":[{"id":6723,"href":"https:\/\/www.ssccalameda.cl\/portal\/wp-json\/wp\/v2\/posts\/6721\/revisions\/6723"}],"wp:featuredmedia":[{"embeddable":true,"href":"https:\/\/www.ssccalameda.cl\/portal\/wp-json\/wp\/v2\/media\/6722"}],"wp:attachment":[{"href":"https:\/\/www.ssccalameda.cl\/portal\/wp-json\/wp\/v2\/media?parent=6721"}],"wp:term":[{"taxonomy":"category","embeddable":true,"href":"https:\/\/www.ssccalameda.cl\/portal\/wp-json\/wp\/v2\/categories?post=6721"},{"taxonomy":"post_tag","embeddable":true,"href":"https:\/\/www.ssccalameda.cl\/portal\/wp-json\/wp\/v2\/tags?post=6721"}],"curies":[{"name":"wp","href":"https:\/\/api.w.org\/{rel}","templated":true}]}}