{"id":6727,"date":"2021-10-26T12:46:35","date_gmt":"2021-10-26T15:46:35","guid":{"rendered":"http:\/\/www.ssccalameda.cl\/portal\/?p=6727"},"modified":"2021-10-26T12:47:14","modified_gmt":"2021-10-26T15:47:14","slug":"region-metropolitana-retrocedera-a-fase-de-preparacion","status":"publish","type":"post","link":"https:\/\/www.ssccalameda.cl\/portal\/region-metropolitana-retrocedera-a-fase-de-preparacion\/","title":{"rendered":"Regi\u00f3n Metropolitana retroceder\u00e1 a Fase de Preparaci\u00f3n"},"content":{"rendered":"\n<p>Santiago, martes 26 de octubre 2021<\/p>\n\n\n\n<p>Estimada comunidad:<\/p>\n\n\n\n<p>Como ya ha sido informado por las autoridades sanitarias, <strong>a partir de ma\u00f1ana mi\u00e9rcoles a las 05:00, la Regi\u00f3n Metropolitana retroceder\u00e1 a Fase de Preparaci\u00f3n. <\/strong>&nbsp;Queremos transmitirles tranquilidad, ya que nuestro colegio cumple con las condiciones de aforo instruidas por el Plan Paso a Paso, lo que nos permite seguir realizando el trabajo formativo y acad\u00e9mico, tal como lo hemos estado haciendo hasta ahora.<\/p>\n\n\n\n<p>Sin perjuicio de lo anterior, reforzaremos las medidas de cuidado, protecci\u00f3n y seguridad para todos y todas, as\u00ed como tambi\u00e9n les pedimos animar en sus hijos e hijas el cumplimiento de los protocolos de autocuidado y cuidado del resto, cuyo detalle pueden consultar en la <a href=\"http:\/\/www.ssccalameda.cl\/portal\/plan-retorno\/\">web del colegio.<\/a><\/p>\n\n\n\n<p>Les recordamos que la asistencia a clases presenciales es voluntaria y que se mantendr\u00e1 la modalidad h\u00edbrida por lo que queda del a\u00f1o.<\/p>\n\n\n\n<p>Que los Sagrados Corazones de Jes\u00fas y Mar\u00eda los bendigan y protejan al igual que a sus familias.<\/p>\n\n\n\n<p>Fraternalmente,<\/p>\n\n\n\n<p class=\"has-text-align-center\"><strong>LA DIRECCI\u00d3N<\/strong><\/p>\n\n\n\n<div class=\"wp-block-file\"><a href=\"http:\/\/www.ssccalameda.cl\/portal\/wp-content\/uploads\/2021\/10\/211026_cambiodefaseRM.pdf\">211026_cambiodefaseRM<\/a><a href=\"http:\/\/www.ssccalameda.cl\/portal\/wp-content\/uploads\/2021\/10\/211026_cambiodefaseRM.pdf\" class=\"wp-block-file__button\" download><span class=\"has-inline-color has-white-color\">Descarga<\/span><\/a><\/div>\n","protected":false},"excerpt":{"rendered":"<p>Santiago, martes 26 de octubre 2021 Estimada comunidad: Como ya ha sido informado por las autoridades sanitarias, a partir de ma\u00f1ana mi\u00e9rcoles a las 05:00, la Regi\u00f3n Metropolitana retroceder\u00e1 a Fase de Preparaci\u00f3n. &nbsp;Queremos transmitirles tranquilidad, ya que nuestro colegio cumple con las condiciones de aforo instruidas por el Plan Paso a Paso, lo que &hellip;<\/p>\n","protected":false},"author":4,"featured_media":6729,"comment_status":"closed","ping_status":"closed","sticky":false,"template":"","format":"standard","meta":{"footnotes":""},"categories":[41],"tags":[],"_links":{"self":[{"href":"https:\/\/www.ssccalameda.cl\/portal\/wp-json\/wp\/v2\/posts\/6727"}],"collection":[{"href":"https:\/\/www.ssccalameda.cl\/portal\/wp-json\/wp\/v2\/posts"}],"about":[{"href":"https:\/\/www.ssccalameda.cl\/portal\/wp-json\/wp\/v2\/types\/post"}],"author":[{"embeddable":true,"href":"https:\/\/www.ssccalameda.cl\/portal\/wp-json\/wp\/v2\/users\/4"}],"replies":[{"embeddable":true,"href":"https:\/\/www.ssccalameda.cl\/portal\/wp-json\/wp\/v2\/comments?post=6727"}],"version-history":[{"count":1,"href":"https:\/\/www.ssccalameda.cl\/portal\/wp-json\/wp\/v2\/posts\/6727\/revisions"}],"predecessor-version":[{"id":6731,"href":"https:\/\/www.ssccalameda.cl\/portal\/wp-json\/wp\/v2\/posts\/6727\/revisions\/6731"}],"wp:featuredmedia":[{"embeddable":true,"href":"https:\/\/www.ssccalameda.cl\/portal\/wp-json\/wp\/v2\/media\/6729"}],"wp:attachment":[{"href":"https:\/\/www.ssccalameda.cl\/portal\/wp-json\/wp\/v2\/media?parent=6727"}],"wp:term":[{"taxonomy":"category","embeddable":true,"href":"https:\/\/www.ssccalameda.cl\/portal\/wp-json\/wp\/v2\/categories?post=6727"},{"taxonomy":"post_tag","embeddable":true,"href":"https:\/\/www.ssccalameda.cl\/portal\/wp-json\/wp\/v2\/tags?post=6727"}],"curies":[{"name":"wp","href":"https:\/\/api.w.org\/{rel}","templated":true}]}}