{"id":6810,"date":"2021-11-08T09:15:51","date_gmt":"2021-11-08T12:15:51","guid":{"rendered":"http:\/\/www.ssccalameda.cl\/portal\/?p=6810"},"modified":"2021-11-08T10:18:43","modified_gmt":"2021-11-08T13:18:43","slug":"misa-de-1er-viernes-3","status":"publish","type":"post","link":"https:\/\/www.ssccalameda.cl\/portal\/misa-de-1er-viernes-3\/","title":{"rendered":"Misa de 1er viernes"},"content":{"rendered":"\n<p>Este viernes 5 de noviembre, y despu\u00e9s de casi 2 a\u00f1os, retomamos la hermosa tradici\u00f3n, fruto de nuestra espiritualidad, de celebrar al Sagrado Coraz\u00f3n de Jes\u00fas, los primeros viernes de cada mes.<\/p>\n\n\n\n<p>Comenzamos a las 7:30 horas con una misa para apoderados celebrada por el padre Washington Bravo. A las 8:30 horas fue el turno de los 6tos B\u00e1sicos y los III Medios con el padre Andr\u00e9s Moro y, finalmente, a las 10:15 horas estuvieron los 5tos B\u00e1sicos, nuevamente con el padre Washington.<\/p>\n\n\n\n<p>Todo se desarroll\u00f3 bajo el estricto cumplimiento de los protocolos sanitarios correspondientes. Los ni\u00f1os(as) y j\u00f3venes que hace poco recibieron los sacramentos de la eucarist\u00eda y confirmaci\u00f3n respectivamente, revivieron esos lindos momentos.&nbsp;<\/p>\n\n\n\n<figure class=\"wp-block-gallery columns-3 is-cropped wp-block-gallery-1 is-layout-flex wp-block-gallery-is-layout-flex\"><ul class=\"blocks-gallery-grid\"><li class=\"blocks-gallery-item\"><figure><img loading=\"lazy\" decoding=\"async\" width=\"768\" height=\"1024\" src=\"http:\/\/www.ssccalameda.cl\/portal\/wp-content\/uploads\/2021\/11\/20211105_104844-768x1024.jpg\" alt=\"\" data-id=\"6811\" data-full-url=\"http:\/\/www.ssccalameda.cl\/portal\/wp-content\/uploads\/2021\/11\/20211105_104844-scaled.jpg\" data-link=\"http:\/\/www.ssccalameda.cl\/portal\/?attachment_id=6811\" class=\"wp-image-6811\" srcset=\"https:\/\/www.ssccalameda.cl\/portal\/wp-content\/uploads\/2021\/11\/20211105_104844-768x1024.jpg 768w, https:\/\/www.ssccalameda.cl\/portal\/wp-content\/uploads\/2021\/11\/20211105_104844-225x300.jpg 225w, https:\/\/www.ssccalameda.cl\/portal\/wp-content\/uploads\/2021\/11\/20211105_104844-1152x1536.jpg 1152w, https:\/\/www.ssccalameda.cl\/portal\/wp-content\/uploads\/2021\/11\/20211105_104844-1536x2048.jpg 1536w, https:\/\/www.ssccalameda.cl\/portal\/wp-content\/uploads\/2021\/11\/20211105_104844-scaled.jpg 1920w\" sizes=\"(max-width: 768px) 100vw, 768px\" \/><\/figure><\/li><li class=\"blocks-gallery-item\"><figure><img loading=\"lazy\" decoding=\"async\" width=\"768\" height=\"1024\" src=\"http:\/\/www.ssccalameda.cl\/portal\/wp-content\/uploads\/2021\/11\/IMG-20211105-WA0016-1-768x1024.jpg\" alt=\"\" data-id=\"6812\" data-full-url=\"http:\/\/www.ssccalameda.cl\/portal\/wp-content\/uploads\/2021\/11\/IMG-20211105-WA0016-1.jpg\" data-link=\"http:\/\/www.ssccalameda.cl\/portal\/?attachment_id=6812\" class=\"wp-image-6812\" srcset=\"https:\/\/www.ssccalameda.cl\/portal\/wp-content\/uploads\/2021\/11\/IMG-20211105-WA0016-1-768x1024.jpg 768w, https:\/\/www.ssccalameda.cl\/portal\/wp-content\/uploads\/2021\/11\/IMG-20211105-WA0016-1-225x300.jpg 225w, https:\/\/www.ssccalameda.cl\/portal\/wp-content\/uploads\/2021\/11\/IMG-20211105-WA0016-1.jpg 960w\" sizes=\"(max-width: 768px) 100vw, 768px\" \/><\/figure><\/li><li class=\"blocks-gallery-item\"><figure><img loading=\"lazy\" decoding=\"async\" width=\"768\" height=\"1024\" src=\"http:\/\/www.ssccalameda.cl\/portal\/wp-content\/uploads\/2021\/11\/IMG-20211105-WA0005-768x1024.jpg\" alt=\"\" data-id=\"6814\" data-full-url=\"http:\/\/www.ssccalameda.cl\/portal\/wp-content\/uploads\/2021\/11\/IMG-20211105-WA0005.jpg\" data-link=\"http:\/\/www.ssccalameda.cl\/portal\/?attachment_id=6814\" class=\"wp-image-6814\" srcset=\"https:\/\/www.ssccalameda.cl\/portal\/wp-content\/uploads\/2021\/11\/IMG-20211105-WA0005-768x1024.jpg 768w, https:\/\/www.ssccalameda.cl\/portal\/wp-content\/uploads\/2021\/11\/IMG-20211105-WA0005-225x300.jpg 225w, https:\/\/www.ssccalameda.cl\/portal\/wp-content\/uploads\/2021\/11\/IMG-20211105-WA0005.jpg 960w\" sizes=\"(max-width: 768px) 100vw, 768px\" \/><\/figure><\/li><\/ul><\/figure>\n","protected":false},"excerpt":{"rendered":"<p>Este viernes 5 de noviembre, y despu\u00e9s de casi 2 a\u00f1os, retomamos la hermosa tradici\u00f3n, fruto de nuestra espiritualidad, de celebrar al Sagrado Coraz\u00f3n de Jes\u00fas, los primeros viernes de cada mes. Comenzamos a las 7:30 horas con una misa para apoderados celebrada por el padre Washington Bravo. A las 8:30 horas fue el turno &hellip;<\/p>\n","protected":false},"author":4,"featured_media":6814,"comment_status":"closed","ping_status":"closed","sticky":false,"template":"","format":"standard","meta":{"footnotes":""},"categories":[40],"tags":[],"_links":{"self":[{"href":"https:\/\/www.ssccalameda.cl\/portal\/wp-json\/wp\/v2\/posts\/6810"}],"collection":[{"href":"https:\/\/www.ssccalameda.cl\/portal\/wp-json\/wp\/v2\/posts"}],"about":[{"href":"https:\/\/www.ssccalameda.cl\/portal\/wp-json\/wp\/v2\/types\/post"}],"author":[{"embeddable":true,"href":"https:\/\/www.ssccalameda.cl\/portal\/wp-json\/wp\/v2\/users\/4"}],"replies":[{"embeddable":true,"href":"https:\/\/www.ssccalameda.cl\/portal\/wp-json\/wp\/v2\/comments?post=6810"}],"version-history":[{"count":1,"href":"https:\/\/www.ssccalameda.cl\/portal\/wp-json\/wp\/v2\/posts\/6810\/revisions"}],"predecessor-version":[{"id":6825,"href":"https:\/\/www.ssccalameda.cl\/portal\/wp-json\/wp\/v2\/posts\/6810\/revisions\/6825"}],"wp:featuredmedia":[{"embeddable":true,"href":"https:\/\/www.ssccalameda.cl\/portal\/wp-json\/wp\/v2\/media\/6814"}],"wp:attachment":[{"href":"https:\/\/www.ssccalameda.cl\/portal\/wp-json\/wp\/v2\/media?parent=6810"}],"wp:term":[{"taxonomy":"category","embeddable":true,"href":"https:\/\/www.ssccalameda.cl\/portal\/wp-json\/wp\/v2\/categories?post=6810"},{"taxonomy":"post_tag","embeddable":true,"href":"https:\/\/www.ssccalameda.cl\/portal\/wp-json\/wp\/v2\/tags?post=6810"}],"curies":[{"name":"wp","href":"https:\/\/api.w.org\/{rel}","templated":true}]}}