{"id":8275,"date":"2022-04-08T12:11:07","date_gmt":"2022-04-08T16:11:07","guid":{"rendered":"http:\/\/www.ssccalameda.cl\/portal\/?p=8275"},"modified":"2022-04-08T12:11:25","modified_gmt":"2022-04-08T16:11:25","slug":"invitacion-misa-domingo-de-ramos","status":"publish","type":"post","link":"https:\/\/www.ssccalameda.cl\/portal\/invitacion-misa-domingo-de-ramos\/","title":{"rendered":"Invitaci\u00f3n misa Domingo de Ramos"},"content":{"rendered":"\n<p>Los niveles de 1\u00b0 y 2\u00b0 b\u00e1sico  invitan a toda la comunidad de los Sagrados Corazones a la solemne Misa de Domingo de Ramos, el d\u00eda 10 de abril a las 11:00horas (bendici\u00f3n de Ramos patio central del colegio).<\/p>\n\n\n\n<div class=\"wp-block-file\"><a href=\"http:\/\/www.ssccalameda.cl\/portal\/wp-content\/uploads\/2022\/04\/Invitacion-Misa-Domingo-de-Ramos-1.pdf\">Invitacion-Misa-Domingo-de-Ramos-1<\/a><a href=\"http:\/\/www.ssccalameda.cl\/portal\/wp-content\/uploads\/2022\/04\/Invitacion-Misa-Domingo-de-Ramos-1.pdf\" class=\"wp-block-file__button\" download><span class=\"has-inline-color has-white-color\">Descarga<\/span><\/a><\/div>\n\n\n\n<figure class=\"wp-block-image size-medium\"><img loading=\"lazy\" decoding=\"async\" width=\"300\" height=\"300\" src=\"http:\/\/www.ssccalameda.cl\/portal\/wp-content\/uploads\/2022\/04\/Invitacion-Misa-Domingo-de-Ramos-1_page-0001-300x300.jpg\" alt=\"\" class=\"wp-image-8277\" srcset=\"https:\/\/www.ssccalameda.cl\/portal\/wp-content\/uploads\/2022\/04\/Invitacion-Misa-Domingo-de-Ramos-1_page-0001-300x300.jpg 300w, https:\/\/www.ssccalameda.cl\/portal\/wp-content\/uploads\/2022\/04\/Invitacion-Misa-Domingo-de-Ramos-1_page-0001-150x150.jpg 150w, https:\/\/www.ssccalameda.cl\/portal\/wp-content\/uploads\/2022\/04\/Invitacion-Misa-Domingo-de-Ramos-1_page-0001-768x768.jpg 768w, https:\/\/www.ssccalameda.cl\/portal\/wp-content\/uploads\/2022\/04\/Invitacion-Misa-Domingo-de-Ramos-1_page-0001.jpg 827w\" sizes=\"(max-width: 300px) 100vw, 300px\" \/><\/figure>\n","protected":false},"excerpt":{"rendered":"<p>Los niveles de 1\u00b0 y 2\u00b0 b\u00e1sico invitan a toda la comunidad de los Sagrados Corazones a la solemne Misa de Domingo de Ramos, el d\u00eda 10 de abril a las 11:00horas (bendici\u00f3n de Ramos patio central del colegio). Invitacion-Misa-Domingo-de-Ramos-1Descarga<\/p>\n","protected":false},"author":4,"featured_media":8278,"comment_status":"closed","ping_status":"closed","sticky":false,"template":"","format":"standard","meta":{"footnotes":""},"categories":[40],"tags":[],"_links":{"self":[{"href":"https:\/\/www.ssccalameda.cl\/portal\/wp-json\/wp\/v2\/posts\/8275"}],"collection":[{"href":"https:\/\/www.ssccalameda.cl\/portal\/wp-json\/wp\/v2\/posts"}],"about":[{"href":"https:\/\/www.ssccalameda.cl\/portal\/wp-json\/wp\/v2\/types\/post"}],"author":[{"embeddable":true,"href":"https:\/\/www.ssccalameda.cl\/portal\/wp-json\/wp\/v2\/users\/4"}],"replies":[{"embeddable":true,"href":"https:\/\/www.ssccalameda.cl\/portal\/wp-json\/wp\/v2\/comments?post=8275"}],"version-history":[{"count":1,"href":"https:\/\/www.ssccalameda.cl\/portal\/wp-json\/wp\/v2\/posts\/8275\/revisions"}],"predecessor-version":[{"id":8280,"href":"https:\/\/www.ssccalameda.cl\/portal\/wp-json\/wp\/v2\/posts\/8275\/revisions\/8280"}],"wp:featuredmedia":[{"embeddable":true,"href":"https:\/\/www.ssccalameda.cl\/portal\/wp-json\/wp\/v2\/media\/8278"}],"wp:attachment":[{"href":"https:\/\/www.ssccalameda.cl\/portal\/wp-json\/wp\/v2\/media?parent=8275"}],"wp:term":[{"taxonomy":"category","embeddable":true,"href":"https:\/\/www.ssccalameda.cl\/portal\/wp-json\/wp\/v2\/categories?post=8275"},{"taxonomy":"post_tag","embeddable":true,"href":"https:\/\/www.ssccalameda.cl\/portal\/wp-json\/wp\/v2\/tags?post=8275"}],"curies":[{"name":"wp","href":"https:\/\/api.w.org\/{rel}","templated":true}]}}