{"id":8532,"date":"2022-04-22T10:49:36","date_gmt":"2022-04-22T14:49:36","guid":{"rendered":"http:\/\/www.ssccalameda.cl\/portal\/?p=8532"},"modified":"2022-04-22T13:46:15","modified_gmt":"2022-04-22T17:46:15","slug":"informacion-importante-del-programa-recrea","status":"publish","type":"post","link":"https:\/\/www.ssccalameda.cl\/portal\/informacion-importante-del-programa-recrea\/","title":{"rendered":"Informaci\u00f3n importante del Programa Recrea"},"content":{"rendered":"\n<p>Estimadas familias de Recrea, a continuaci\u00f3n encontrar\u00e1n informaci\u00f3n sobre la rutina diaria de sus hijos(as)  y los(as) profesionales a cargo. Adem\u00e1s, aprovechamos este espacio para recordarles los horarios de salida de los ni\u00f1os y ni\u00f1as:<\/p>\n\n\n\n<p class=\"has-medium-font-size\"><strong>PRE KINDER Y K\u00cdNDER<\/strong><\/p>\n\n\n\n<p><strong>13:30: <\/strong>Retiro de los estudiantes del Programa Recrea nivel p\u00e1rvulo desde sus respectivas salas de clases.<\/p>\n\n\n\n<p><strong>13:45: <\/strong>Acogida en la sala de clases asignada para cada curso:<\/p>\n\n\n\n<ul><li>revisi\u00f3n de cuadernos de comunicaciones de Recrea \/libretas.<\/li><li>Pasado de lista<\/li><\/ul>\n\n\n\n<p><strong>14:00: <\/strong>H\u00e1bitos de higiene: Ba\u00f1o, lavado de manos.<\/p>\n\n\n\n<p><strong>14:15: Almuerzo<\/strong>.<\/p>\n\n\n\n<p><strong>15:15: <\/strong>Recreo corto, juego libre.<\/p>\n\n\n\n<p><strong>15:45: <\/strong>H\u00e1bitos de higiene: Ba\u00f1o, lavado de manos, lavado de dientes y cambio de mascarilla.<\/p>\n\n\n\n<p><strong>16:00: <\/strong>Actividad central.<\/p>\n\n\n\n<p><strong>16:45: <\/strong>Recreo donde interact\u00faan con material l\u00fadico y deportivo.<\/p>\n\n\n\n<p><strong>17:00:<\/strong> H\u00e1bitos de higiene: Ba\u00f1o, lavado de manos.<\/p>\n\n\n\n<p><strong>17:10: <\/strong>Colaci\u00f3n.<\/p>\n\n\n\n<p><strong>17:40: <\/strong>Actividades en espacios recreativos. del colegio de forma segura y organizada.<\/p>\n\n\n\n<p><strong>18:15: <\/strong>Cierre y despedida.<\/p>\n\n\n\n<p>&#8211; Arreglo de pertenencias.<\/p>\n\n\n\n<p><strong>18:25: <\/strong>Traslado hacia Carrera 109 pararetiro de estudiantes.<\/p>\n\n\n\n<p><strong>18:30: <\/strong>Cierre del programa.<\/p>\n\n\n\n<p class=\"has-medium-font-size\"><strong>1\u00b0 A 5\u00b0 B\u00c1SICO<\/strong><\/p>\n\n\n\n<p><strong>15:30 &#8211; 16:00 horas: <\/strong>Retiro de estudiantes de su sala y traslado a sala Recrea.<strong><\/strong><\/p>\n\n\n\n<ul><li>Saludo y recepci\u00f3n.<\/li><li>Pasado de lista.<\/li><li>Revisi\u00f3n de cuaderno de comunicaciones RECREA \/ libreta.<\/li><li>Recepci\u00f3n de tareas \/ traslado a talleres (los ni\u00f1o\/as que asisten).<\/li><\/ul>\n\n\n\n<p><strong>16:00-16:30 horas:<\/strong><\/p>\n\n\n\n<ul><li>Ida al ba\u00f1o, lavado de manos.<\/li><li>Hora de patio.<\/li><li>Lavado de manos.<\/li><li>Colaci\u00f3n en sala<\/li><\/ul>\n\n\n\n<p><strong>16:30 a 17:30 horas:<\/strong><\/p>\n\n\n\n<p>Realizaci\u00f3n de tareas\/actividades planificadas.<\/p>\n\n\n\n<p>Realizaci\u00f3n de tareas si es que las tienen.<\/p>\n\n\n\n<p><strong>17:30 -17:45 horas:<\/strong><\/p>\n\n\n\n<ul><li>Ida al ba\u00f1o, lavado de manos.<\/li><li>Hora de patio.<\/li><li>Lavado de manos.<\/li><\/ul>\n\n\n\n<p><strong>17:45-18:15 horas:<\/strong><\/p>\n\n\n\n<p>Actividad l\u00fadica \/colectiva.<\/p>\n\n\n\n<ul><li><strong>18:15 horas: Cierre y despedida<\/strong><\/li><li>&nbsp;Arreglo de pertenencias<\/li><li><strong>18:25 horas: Traslado hacia Carrera 109 para retiro de estudiantes.<\/strong><\/li><li><strong>18:30: Cierre del programa estudiantes.<\/strong><\/li><\/ul>\n\n\n\n<p class=\"has-medium-font-size\"><strong>Profesionales del programa Recrea<\/strong><\/p>\n\n\n\n<figure class=\"wp-block-table is-style-regular\"><table><tbody><tr><td class=\"has-text-align-center\" data-align=\"center\"><strong>CURSO<\/strong><\/td><td class=\"has-text-align-center\" data-align=\"center\"><strong>PROFESORA\/EDUCADORA<\/strong><\/td><td class=\"has-text-align-center\" data-align=\"center\"><strong>CORREO<\/strong><\/td><\/tr><tr><td class=\"has-text-align-center\" data-align=\"center\">PREKINDER<\/td><td class=\"has-text-align-center\" data-align=\"center\">Carolina Zamora\/ Javiera Valdivia<\/td><td class=\"has-text-align-center\" data-align=\"center\"><a href=\"mailto:vzamora@ssccalameda.cl\">vzamora@ssccalameda.cl<\/a> \/ jvaldivia@ssccalameda.cl<\/td><\/tr><tr><td class=\"has-text-align-center\" data-align=\"center\">KINDER B- C<\/td><td class=\"has-text-align-center\" data-align=\"center\">Joseph Carrera<\/td><td class=\"has-text-align-center\" data-align=\"center\">josephcarrera@ssccalameda.cl<\/td><\/tr><tr><td class=\"has-text-align-center\" data-align=\"center\">K\u00cdNDER A- C &#8211; D<\/td><td class=\"has-text-align-center\" data-align=\"center\">Patricia Auladell<\/td><td class=\"has-text-align-center\" data-align=\"center\">patriciaauladell@ssccalameda.cl<\/td><\/tr><tr><td class=\"has-text-align-center\" data-align=\"center\">1\u00b0 A &#8211; B<\/td><td class=\"has-text-align-center\" data-align=\"center\">Carolina \u00c1lvarez<\/td><td class=\"has-text-align-center\" data-align=\"center\">jalvarez@ssccalameda.cl<\/td><\/tr><tr><td class=\"has-text-align-center\" data-align=\"center\">1\u00b0 C &#8211; D<\/td><td class=\"has-text-align-center\" data-align=\"center\">Cecilia Meza<\/td><td class=\"has-text-align-center\" data-align=\"center\">ceciliameza@ssccalameda.cl<\/td><\/tr><tr><td class=\"has-text-align-center\" data-align=\"center\">2\u00b0 A &#8211; B<\/td><td class=\"has-text-align-center\" data-align=\"center\">Natali Orquera<\/td><td class=\"has-text-align-center\" data-align=\"center\">norquera@ssccalameda.cl<\/td><\/tr><tr><td class=\"has-text-align-center\" data-align=\"center\">2\u00b0 C &#8211; D<\/td><td class=\"has-text-align-center\" data-align=\"center\">Catalina Manuguian<\/td><td class=\"has-text-align-center\" data-align=\"center\">cmanuguian@ssccalameda.cl<\/td><\/tr><tr><td class=\"has-text-align-center\" data-align=\"center\">3\u00b0 A \u2013 B \u2013 C-D<\/td><td class=\"has-text-align-center\" data-align=\"center\">Marcela Ram\u00edrez<\/td><td class=\"has-text-align-center\" data-align=\"center\">mramirez@ssccalameda.cl<\/td><\/tr><tr><td class=\"has-text-align-center\" data-align=\"center\">4\u00b0 y 5\u00b0<\/td><td class=\"has-text-align-center\" data-align=\"center\">Valentina Nahum<\/td><td class=\"has-text-align-center\" data-align=\"center\">vnahum@ssccalameda.cl<\/td><\/tr><tr><td class=\"has-text-align-center\" data-align=\"center\">Asistente de aula<\/td><td class=\"has-text-align-center\" data-align=\"center\">Ang\u00e9lica Requena<\/td><td class=\"has-text-align-center\" data-align=\"center\">angelicarequena@ssccalameda.cl<\/td><\/tr><tr><td class=\"has-text-align-center\" data-align=\"center\">Inspectora<\/td><td class=\"has-text-align-center\" data-align=\"center\">Fernanda Cort\u00e9s<\/td><td class=\"has-text-align-center\" data-align=\"center\">mcortes@ssccalameda.cl<\/td><\/tr><tr><td class=\"has-text-align-center\" data-align=\"center\">Coordinaci\u00f3n<\/td><td class=\"has-text-align-center\" data-align=\"center\">Pamela Peralta<\/td><td class=\"has-text-align-center\" data-align=\"center\">pperalta@ssccalameda.cl<\/td><\/tr><\/tbody><\/table><\/figure>\n\n\n\n<p class=\"has-medium-font-size\"><strong>Retiro de sus hijos e hijas<\/strong><\/p>\n\n\n\n<ul><li>Es necesario recordarles la importancia de ser puntales a la hora del retiro, sobre todo por sus ni\u00f1os(as) que se comienzan a angustiar cuando se atrasan. La ventana de retiro por <strong>Carrera 109 es desde las 16:30 a las 17:30 horas, <\/strong>tendremos flexibilidad en situaciones puntuales y emergentes que puedan surgir.<\/li><\/ul>\n\n\n\n<ul><li>Se enviar\u00e1n v\u00eda cuaderno de comunicaciones de Recrea las tarjetas definitivas de retiro oficiales del programa (dos por estudiante), estas son de <strong><u>color verde, con firma y timbre del colegio<\/u><\/strong>. Solicitamos encarecidamente hacer el retiro con esta tarjeta.<\/li><\/ul>\n\n\n\n<p>Para m\u00e1s informaci\u00f3n sobre el Programa Recrea pinche <a rel=\"noreferrer noopener\" href=\"http:\/\/www.ssccalameda.cl\/portal\/wp-content\/uploads\/2021\/11\/Recrea.pdf\" data-type=\"URL\" data-id=\"http:\/\/www.ssccalameda.cl\/portal\/wp-content\/uploads\/2021\/11\/Recrea.pdf\" target=\"_blank\">aqu\u00ed.<\/a><\/p>\n\n\n\n<p><\/p>\n\n\n\n<p>Adicionalmente, todas las semanas podr\u00e1n conocer, desde el 2 de mayo, la planificaci\u00f3n semanal de actividades.<\/p>\n\n\n\n<p>Un ejemplo de planificaci\u00f3n semanal:<\/p>\n\n\n\n<figure class=\"wp-block-image size-large\"><img loading=\"lazy\" decoding=\"async\" width=\"1019\" height=\"429\" src=\"http:\/\/www.ssccalameda.cl\/portal\/wp-content\/uploads\/2022\/04\/image.png\" alt=\"\" class=\"wp-image-8535\" srcset=\"https:\/\/www.ssccalameda.cl\/portal\/wp-content\/uploads\/2022\/04\/image.png 1019w, https:\/\/www.ssccalameda.cl\/portal\/wp-content\/uploads\/2022\/04\/image-300x126.png 300w, https:\/\/www.ssccalameda.cl\/portal\/wp-content\/uploads\/2022\/04\/image-768x323.png 768w\" sizes=\"(max-width: 1019px) 100vw, 1019px\" \/><\/figure>\n\n\n\n<p>Agradecemos su compromiso,\u00a0 comprensi\u00f3n y el trabajo colaborativo que nos encauza a ser un programa de ayuda en la labor educativa y formativa de nuestros estudiantes.<\/p>\n","protected":false},"excerpt":{"rendered":"<p>Estimadas familias de Recrea, a continuaci\u00f3n encontrar\u00e1n informaci\u00f3n sobre la rutina diaria de sus hijos(as) y los(as) profesionales a cargo. Adem\u00e1s, aprovechamos este espacio para recordarles los horarios de salida de los ni\u00f1os y ni\u00f1as: PRE KINDER Y K\u00cdNDER 13:30: Retiro de los estudiantes del Programa Recrea nivel p\u00e1rvulo desde sus respectivas salas de clases. &hellip;<\/p>\n","protected":false},"author":4,"featured_media":8533,"comment_status":"closed","ping_status":"closed","sticky":false,"template":"","format":"standard","meta":{"footnotes":""},"categories":[40],"tags":[],"_links":{"self":[{"href":"https:\/\/www.ssccalameda.cl\/portal\/wp-json\/wp\/v2\/posts\/8532"}],"collection":[{"href":"https:\/\/www.ssccalameda.cl\/portal\/wp-json\/wp\/v2\/posts"}],"about":[{"href":"https:\/\/www.ssccalameda.cl\/portal\/wp-json\/wp\/v2\/types\/post"}],"author":[{"embeddable":true,"href":"https:\/\/www.ssccalameda.cl\/portal\/wp-json\/wp\/v2\/users\/4"}],"replies":[{"embeddable":true,"href":"https:\/\/www.ssccalameda.cl\/portal\/wp-json\/wp\/v2\/comments?post=8532"}],"version-history":[{"count":1,"href":"https:\/\/www.ssccalameda.cl\/portal\/wp-json\/wp\/v2\/posts\/8532\/revisions"}],"predecessor-version":[{"id":8536,"href":"https:\/\/www.ssccalameda.cl\/portal\/wp-json\/wp\/v2\/posts\/8532\/revisions\/8536"}],"wp:featuredmedia":[{"embeddable":true,"href":"https:\/\/www.ssccalameda.cl\/portal\/wp-json\/wp\/v2\/media\/8533"}],"wp:attachment":[{"href":"https:\/\/www.ssccalameda.cl\/portal\/wp-json\/wp\/v2\/media?parent=8532"}],"wp:term":[{"taxonomy":"category","embeddable":true,"href":"https:\/\/www.ssccalameda.cl\/portal\/wp-json\/wp\/v2\/categories?post=8532"},{"taxonomy":"post_tag","embeddable":true,"href":"https:\/\/www.ssccalameda.cl\/portal\/wp-json\/wp\/v2\/tags?post=8532"}],"curies":[{"name":"wp","href":"https:\/\/api.w.org\/{rel}","templated":true}]}}