{"id":8574,"date":"2022-04-26T10:14:56","date_gmt":"2022-04-26T14:14:56","guid":{"rendered":"http:\/\/www.ssccalameda.cl\/portal\/?p=8574"},"modified":"2022-04-26T10:15:22","modified_gmt":"2022-04-26T14:15:22","slug":"se-mantiene-el-uso-de-mascarilla-en-el-colegio","status":"publish","type":"post","link":"https:\/\/www.ssccalameda.cl\/portal\/se-mantiene-el-uso-de-mascarilla-en-el-colegio\/","title":{"rendered":"Se mantiene el uso de mascarilla en el colegio"},"content":{"rendered":"\n<p>En el marco de la reformulaci\u00f3n de orientaciones de la autoridad sanitaria respecto de la pandemia, el colegio ha decidido mantener la obligatoriedad del uso permanente y correcto de la mascarilla, salvo para aquellas situaciones determinadas en el <a href=\"http:\/\/www.ssccalameda.cl\/portal\/wp-content\/uploads\/2022\/04\/Medidas-sanitarias-en-clases-de-Educacion-Fisica.pdf\"><strong>Protocolo de Medidas Sanitarias para Clases de Educaci\u00f3n F\u00edsica<\/strong><\/a> (documento que fue enviado a sus correos electr\u00f3nicos el 11 de abril pasado y que se encuentra publicado en la secci\u00f3n Orientaciones Covid-19)<\/p>\n\n\n\n<p>Finalmente, hacemos presente que esta medida tiene por objetivo velar por el bienestar de nuestros\/as estudiantes y de toda la comunidad por lo que agradecemos su comprensi\u00f3n.<\/p>\n\n\n\n<figure class=\"wp-block-image size-large\"><img loading=\"lazy\" decoding=\"async\" width=\"150\" height=\"139\" src=\"http:\/\/www.ssccalameda.cl\/portal\/wp-content\/uploads\/2022\/04\/logo_nos-cuidamos.jpg\" alt=\"\" class=\"wp-image-8403\"\/><\/figure>\n\n\n\n<figure class=\"wp-block-image size-medium\"><img loading=\"lazy\" decoding=\"async\" width=\"300\" height=\"197\" src=\"http:\/\/www.ssccalameda.cl\/portal\/wp-content\/uploads\/2022\/03\/Diseno-sin-titulo-1-300x197.png\" alt=\"\" class=\"wp-image-7369\" srcset=\"https:\/\/www.ssccalameda.cl\/portal\/wp-content\/uploads\/2022\/03\/Diseno-sin-titulo-1-300x197.png 300w, https:\/\/www.ssccalameda.cl\/portal\/wp-content\/uploads\/2022\/03\/Diseno-sin-titulo-1-1024x673.png 1024w, https:\/\/www.ssccalameda.cl\/portal\/wp-content\/uploads\/2022\/03\/Diseno-sin-titulo-1-768x505.png 768w, https:\/\/www.ssccalameda.cl\/portal\/wp-content\/uploads\/2022\/03\/Diseno-sin-titulo-1-310x205.png 310w, https:\/\/www.ssccalameda.cl\/portal\/wp-content\/uploads\/2022\/03\/Diseno-sin-titulo-1.png 1401w\" sizes=\"(max-width: 300px) 100vw, 300px\" \/><\/figure>\n","protected":false},"excerpt":{"rendered":"<p>En el marco de la reformulaci\u00f3n de orientaciones de la autoridad sanitaria respecto de la pandemia, el colegio ha decidido mantener la obligatoriedad del uso permanente y correcto de la mascarilla, salvo para aquellas situaciones determinadas en el Protocolo de Medidas Sanitarias para Clases de Educaci\u00f3n F\u00edsica (documento que fue enviado a sus correos electr\u00f3nicos &hellip;<\/p>\n","protected":false},"author":4,"featured_media":8575,"comment_status":"closed","ping_status":"closed","sticky":false,"template":"","format":"standard","meta":{"footnotes":""},"categories":[40],"tags":[],"_links":{"self":[{"href":"https:\/\/www.ssccalameda.cl\/portal\/wp-json\/wp\/v2\/posts\/8574"}],"collection":[{"href":"https:\/\/www.ssccalameda.cl\/portal\/wp-json\/wp\/v2\/posts"}],"about":[{"href":"https:\/\/www.ssccalameda.cl\/portal\/wp-json\/wp\/v2\/types\/post"}],"author":[{"embeddable":true,"href":"https:\/\/www.ssccalameda.cl\/portal\/wp-json\/wp\/v2\/users\/4"}],"replies":[{"embeddable":true,"href":"https:\/\/www.ssccalameda.cl\/portal\/wp-json\/wp\/v2\/comments?post=8574"}],"version-history":[{"count":1,"href":"https:\/\/www.ssccalameda.cl\/portal\/wp-json\/wp\/v2\/posts\/8574\/revisions"}],"predecessor-version":[{"id":8577,"href":"https:\/\/www.ssccalameda.cl\/portal\/wp-json\/wp\/v2\/posts\/8574\/revisions\/8577"}],"wp:featuredmedia":[{"embeddable":true,"href":"https:\/\/www.ssccalameda.cl\/portal\/wp-json\/wp\/v2\/media\/8575"}],"wp:attachment":[{"href":"https:\/\/www.ssccalameda.cl\/portal\/wp-json\/wp\/v2\/media?parent=8574"}],"wp:term":[{"taxonomy":"category","embeddable":true,"href":"https:\/\/www.ssccalameda.cl\/portal\/wp-json\/wp\/v2\/categories?post=8574"},{"taxonomy":"post_tag","embeddable":true,"href":"https:\/\/www.ssccalameda.cl\/portal\/wp-json\/wp\/v2\/tags?post=8574"}],"curies":[{"name":"wp","href":"https:\/\/api.w.org\/{rel}","templated":true}]}}