{"id":8622,"date":"2022-04-28T00:26:00","date_gmt":"2022-04-28T04:26:00","guid":{"rendered":"http:\/\/www.ssccalameda.cl\/portal\/?p=8622"},"modified":"2022-04-28T12:40:27","modified_gmt":"2022-04-28T16:40:27","slug":"acompanar-para-prevenir","status":"publish","type":"post","link":"https:\/\/www.ssccalameda.cl\/portal\/acompanar-para-prevenir\/","title":{"rendered":"Acompa\u00f1ar para prevenir"},"content":{"rendered":"\n<p class=\"has-small-font-size\">Reuni\u00f3n formativa para padres, madres y apoderados(as) de I y II Medio:<\/p>\n\n\n\n<p>El pr\u00f3ximo mi\u00e9rcoles 4 de mayo a las 19:00 horas, el \u00c1rea Socio-afectiva y Familia de la Vicerrector\u00eda de Formaci\u00f3n tiene organizada  la charla \u00abInvolucramiento parental y prevenci\u00f3n del consumo de sustancias\u00bb que ser\u00e1 presentada por la doctora Catalina Poblete.<\/p>\n\n\n\n<p>La  dra. Poblete es psiquiatra infanto-juvenil de la Universidad de Chile y ha asesorado a Senda en el \u00e1rea program\u00e1tica y de prevenci\u00f3n.<\/p>\n\n\n\n<p>Las familias de I y II Medio podr\u00e1n acceder a la reuni\u00f3n de Zoom utilizando el link enviado a sus correos registrados.<\/p>\n\n\n\n<p>La importancia de este tema radica en que, a nivel de neurociencia, cuando existe consumo de sustancias antes de los 20 a\u00f1os se produce un cambio en la estructura neuronal y para evitarlo es fundamental el involucramiento familiar.<\/p>\n\n\n\n<figure class=\"wp-block-image size-medium\"><img loading=\"lazy\" decoding=\"async\" width=\"300\" height=\"169\" src=\"http:\/\/www.ssccalameda.cl\/portal\/wp-content\/uploads\/2022\/04\/Copia-de-Invitacion-3\u00b0-Basico-Taller-300x169.jpg\" alt=\"\" class=\"wp-image-8623\" srcset=\"https:\/\/www.ssccalameda.cl\/portal\/wp-content\/uploads\/2022\/04\/Copia-de-Invitacion-3\u00b0-Basico-Taller-300x169.jpg 300w, https:\/\/www.ssccalameda.cl\/portal\/wp-content\/uploads\/2022\/04\/Copia-de-Invitacion-3\u00b0-Basico-Taller-768x432.jpg 768w, https:\/\/www.ssccalameda.cl\/portal\/wp-content\/uploads\/2022\/04\/Copia-de-Invitacion-3\u00b0-Basico-Taller.jpg 960w\" sizes=\"(max-width: 300px) 100vw, 300px\" \/><\/figure>\n","protected":false},"excerpt":{"rendered":"<p>Reuni\u00f3n formativa para padres, madres y apoderados(as) de I y II Medio: El pr\u00f3ximo mi\u00e9rcoles 4 de mayo a las 19:00 horas, el \u00c1rea Socio-afectiva y Familia de la Vicerrector\u00eda de Formaci\u00f3n tiene organizada la charla \u00abInvolucramiento parental y prevenci\u00f3n del consumo de sustancias\u00bb que ser\u00e1 presentada por la doctora Catalina Poblete. La dra. Poblete &hellip;<\/p>\n","protected":false},"author":4,"featured_media":8624,"comment_status":"closed","ping_status":"closed","sticky":false,"template":"","format":"standard","meta":{"footnotes":""},"categories":[40],"tags":[],"_links":{"self":[{"href":"https:\/\/www.ssccalameda.cl\/portal\/wp-json\/wp\/v2\/posts\/8622"}],"collection":[{"href":"https:\/\/www.ssccalameda.cl\/portal\/wp-json\/wp\/v2\/posts"}],"about":[{"href":"https:\/\/www.ssccalameda.cl\/portal\/wp-json\/wp\/v2\/types\/post"}],"author":[{"embeddable":true,"href":"https:\/\/www.ssccalameda.cl\/portal\/wp-json\/wp\/v2\/users\/4"}],"replies":[{"embeddable":true,"href":"https:\/\/www.ssccalameda.cl\/portal\/wp-json\/wp\/v2\/comments?post=8622"}],"version-history":[{"count":1,"href":"https:\/\/www.ssccalameda.cl\/portal\/wp-json\/wp\/v2\/posts\/8622\/revisions"}],"predecessor-version":[{"id":8645,"href":"https:\/\/www.ssccalameda.cl\/portal\/wp-json\/wp\/v2\/posts\/8622\/revisions\/8645"}],"wp:featuredmedia":[{"embeddable":true,"href":"https:\/\/www.ssccalameda.cl\/portal\/wp-json\/wp\/v2\/media\/8624"}],"wp:attachment":[{"href":"https:\/\/www.ssccalameda.cl\/portal\/wp-json\/wp\/v2\/media?parent=8622"}],"wp:term":[{"taxonomy":"category","embeddable":true,"href":"https:\/\/www.ssccalameda.cl\/portal\/wp-json\/wp\/v2\/categories?post=8622"},{"taxonomy":"post_tag","embeddable":true,"href":"https:\/\/www.ssccalameda.cl\/portal\/wp-json\/wp\/v2\/tags?post=8622"}],"curies":[{"name":"wp","href":"https:\/\/api.w.org\/{rel}","templated":true}]}}