{"id":9360,"date":"2022-06-21T15:44:34","date_gmt":"2022-06-21T19:44:34","guid":{"rendered":"http:\/\/www.ssccalameda.cl\/portal\/?p=9360"},"modified":"2022-06-21T15:44:35","modified_gmt":"2022-06-21T19:44:35","slug":"aspectos-pedagogicos-relativos-al-cierre-del-primer-semestre","status":"publish","type":"post","link":"https:\/\/www.ssccalameda.cl\/portal\/aspectos-pedagogicos-relativos-al-cierre-del-primer-semestre\/","title":{"rendered":"Aspectos pedag\u00f3gicos relativos al cierre del primer semestre"},"content":{"rendered":"\n<p>Estimada comunidad, junto con saludarlos y esperando que se encuentren muy bien, a continuaci\u00f3n, informamos los aspectos pedag\u00f3gicos relevantes, relativos al cierre del primer semestre y a la proyecci\u00f3n del pr\u00f3ximo.<\/p>\n\n\n\n<p>Como es de conocimiento p\u00fablico, la autoridad educativa y de salud han dispuesto extender las vacaciones de invierno, las cuales comenzar\u00e1n el jueves 30 de junio y terminar\u00e1n el viernes 22 de julio. En este escenario hemos debido realizar ajustes a la situaci\u00f3n pedag\u00f3gica y reprogramar nuestra calendarizaci\u00f3n.<\/p>\n\n\n\n<p>Dentro de este contexto y tomando en consideraci\u00f3n la posibilidad de conciliar el mayor bienestar emocional de los\/as estudiantes, el cumplimiento de los planes de estudio y entregar tranquilidad para las familias, la Direcci\u00f3n ha adoptado las siguientes medidas:<\/p>\n\n\n\n<ol type=\"I\"><li><strong>CIERRE PRIMER SEMESTRE<\/strong><\/li><\/ol>\n\n\n\n<ul><li>Hasta el <strong>29 de junio<\/strong>, las distintas asignaturas estar\u00e1n abocadas a continuar con el desarrollo de los objetivos de aprendizaje priorizados por el colegio para el a\u00f1o 2022, utilizando todos los medios educativos disponibles.<\/li><li>Este proceso se complementar\u00e1 con evaluaciones formativas destinadas a evidenciar el aprendizaje en clases e identificar brechas entre el conocimiento actual y el esperado para el segundo semestre.<\/li><li>Se proceder\u00e1 a cerrar el primer semestre con las calificaciones registradas en Schoolnet <strong>hasta el 29 de junio.<\/strong><\/li><li>No se considera la programaci\u00f3n y realizaci\u00f3n de evaluaciones parciales ni de coeficiente dos, hasta la vuelta de vacaciones.<\/li><li>En el caso de estudiantes con evaluaciones pendientes, originadas por situaciones especiales tales como enfermedad, viajes, etc., <strong>ser\u00e1n los apoderados los llamados a contactarse con la jefatura de curso<\/strong> para que \u00e9sta gestione una soluci\u00f3n con la jefatura del departamento de asignatura correspondiente.<\/li><li>En lo que respecta al nivel de avance de los objetivos de aprendizaje priorizados para el primer semestre, para mayor detalle por nivel y ciclo, por favor ingrese a los siguientes documentos vinculados:<\/li><\/ul>\n\n\n\n<p><a href=\"http:\/\/www.ssccalameda.cl\/portal\/wp-content\/uploads\/2022\/06\/INFORME-AVANCE-OBJETIVOS-DE-APRENDIZAJE-CICLO-INICIAL.pdf\">Informe de avances de objetivos de aprendizaje del Ciclo Inicial<\/a><\/p>\n\n\n\n<p><a href=\"http:\/\/www.ssccalameda.cl\/portal\/wp-content\/uploads\/2022\/06\/INFORME-AVANCE-OBJETIVOS-DE-APRENDIZAJE-CICLO-MENOR.pdf\">Informe de avances de objetivos de aprendizaje del Ciclo Menor<\/a><\/p>\n\n\n\n<p><a href=\"http:\/\/www.ssccalameda.cl\/portal\/wp-content\/uploads\/2022\/06\/INFORME-AVANCE-OBJETIVOS-DE-APRENDIZAJE-CICLO-MAYOR.pdf\">Informe de avances de objetivos de aprendizaje del Ciclo Mayor<\/a><\/p>\n\n\n\n<p><a href=\"http:\/\/www.ssccalameda.cl\/portal\/wp-content\/uploads\/2022\/06\/EVALUACIONES-DE-NIVEL-IV-Medio.pdf\">Evaluaciones de nivel de IV Medio<\/a><\/p>\n\n\n\n<ol type=\"I\"><li><strong>SEGUNDO SEMESTRE<\/strong><\/li><li>La <strong>primera semana de julio<\/strong> estar\u00e1n disponibles las planificaciones de agosto y septiembre en la plataforma de Schoolnet.<\/li><li>El <strong>lunes 29 de agosto<\/strong> se inicia el programa intensivo de IV Medio para reforzar contenidos para la PAES.<\/li><\/ol>\n\n\n\n<p>Finalmente, en caso de dudas, se agradece canalizarlas a trav\u00e9s de los\/las delegados acad\u00e9micos de cada curso, escribiendo al siguiente correo: <a href=\"mailto:dayanatoro@ssccalameda.cl\">dayanatoro@ssccalameda.cl<\/a><\/p>\n\n\n\n<p>Esperando que los Sagrados Corazones de Jes\u00fas y de Mar\u00eda les acompa\u00f1en, se despide fraternalmente,<\/p>\n\n\n\n<p class=\"has-text-align-center\">Equipo Directivo<\/p>\n\n\n\n<div class=\"wp-block-file\"><a href=\"http:\/\/www.ssccalameda.cl\/portal\/wp-content\/uploads\/2022\/06\/17.06.22-Cierre-1er-semestre-20222.pdf\">Cierre-1er-semestre-20222<\/a><a href=\"http:\/\/www.ssccalameda.cl\/portal\/wp-content\/uploads\/2022\/06\/17.06.22-Cierre-1er-semestre-20222.pdf\" class=\"wp-block-file__button\" download><span class=\"has-inline-color has-white-color\">Descarga<\/span><\/a><\/div>\n\n\n\n<p><\/p>\n","protected":false},"excerpt":{"rendered":"<p>Estimada comunidad, junto con saludarlos y esperando que se encuentren muy bien, a continuaci\u00f3n, informamos los aspectos pedag\u00f3gicos relevantes, relativos al cierre del primer semestre y a la proyecci\u00f3n del pr\u00f3ximo. Como es de conocimiento p\u00fablico, la autoridad educativa y de salud han dispuesto extender las vacaciones de invierno, las cuales comenzar\u00e1n el jueves 30 &hellip;<\/p>\n","protected":false},"author":4,"featured_media":8529,"comment_status":"closed","ping_status":"closed","sticky":false,"template":"","format":"standard","meta":{"footnotes":""},"categories":[41],"tags":[],"_links":{"self":[{"href":"https:\/\/www.ssccalameda.cl\/portal\/wp-json\/wp\/v2\/posts\/9360"}],"collection":[{"href":"https:\/\/www.ssccalameda.cl\/portal\/wp-json\/wp\/v2\/posts"}],"about":[{"href":"https:\/\/www.ssccalameda.cl\/portal\/wp-json\/wp\/v2\/types\/post"}],"author":[{"embeddable":true,"href":"https:\/\/www.ssccalameda.cl\/portal\/wp-json\/wp\/v2\/users\/4"}],"replies":[{"embeddable":true,"href":"https:\/\/www.ssccalameda.cl\/portal\/wp-json\/wp\/v2\/comments?post=9360"}],"version-history":[{"count":1,"href":"https:\/\/www.ssccalameda.cl\/portal\/wp-json\/wp\/v2\/posts\/9360\/revisions"}],"predecessor-version":[{"id":9362,"href":"https:\/\/www.ssccalameda.cl\/portal\/wp-json\/wp\/v2\/posts\/9360\/revisions\/9362"}],"wp:featuredmedia":[{"embeddable":true,"href":"https:\/\/www.ssccalameda.cl\/portal\/wp-json\/wp\/v2\/media\/8529"}],"wp:attachment":[{"href":"https:\/\/www.ssccalameda.cl\/portal\/wp-json\/wp\/v2\/media?parent=9360"}],"wp:term":[{"taxonomy":"category","embeddable":true,"href":"https:\/\/www.ssccalameda.cl\/portal\/wp-json\/wp\/v2\/categories?post=9360"},{"taxonomy":"post_tag","embeddable":true,"href":"https:\/\/www.ssccalameda.cl\/portal\/wp-json\/wp\/v2\/tags?post=9360"}],"curies":[{"name":"wp","href":"https:\/\/api.w.org\/{rel}","templated":true}]}}